
{"id":14252,"date":"2024-07-08T17:28:29","date_gmt":"2024-07-08T15:28:29","guid":{"rendered":"https:\/\/chetkowski.blog.polityka.pl\/?p=14252"},"modified":"2024-07-08T21:06:12","modified_gmt":"2024-07-08T19:06:12","slug":"jak-placic-nauczycielom-za-prace-na-wycieczce-szkolnej","status":"publish","type":"post","link":"https:\/\/blog.polityka.pl\/chetkowski\/2024\/07\/08\/jak-placic-nauczycielom-za-prace-na-wycieczce-szkolnej\/","title":{"rendered":"Jak p\u0142aci\u0107 nauczycielom za prac\u0119 na wycieczce szkolnej?"},"content":{"rendered":"\n<p>Barbara Nowacka udzieli\u0142a odpowiedzi na zapytanie poselskie w sprawie wynagradzania nauczycieli za prac\u0119 podczas wycieczek szkolnych. Ministra jest zdania, \u017ce nauczyciele powinni otrzyma\u0107 tyle samo, ile by otrzymali, gdyby pracowali w szkole.&nbsp;<\/p>\n\n\n\n<!--more-->\n\n\n\n<p>Je\u015bli mieli zaplanowane godziny ponadwymiarowe, r\u00f3wnie\u017c za te godziny, mimo \u017ce si\u0119 nie odby\u0142y, powinni mie\u0107 zap\u0142acone. Lekcje te nie odby\u0142y si\u0119 bowiem nie z winy pracownika, lecz z powodu przydzielenia innych obowi\u0105zk\u00f3w, czyli opieki nad uczniami podczas wycieczki. Wi\u0119cej jednak nie mog\u0105 zarobi\u0107.&nbsp;<\/p>\n\n\n\n<p>Takie podej\u015bcie do wynagradzania nauczycieli za prac\u0119 na wycieczce prowadzi do niesprawiedliwego traktowania pracownik\u00f3w. Mo\u017ce si\u0119 bowiem zdarzy\u0107, \u017ce jeden nauczyciel nie ma godzin ponadwymiarowych, natomiast drugi jest zatrudniony na p\u00f3\u0142tora etatu lub wi\u0119cej, wi\u0119c nadgodzin ma od groma. Cho\u0107 obydwaj na wycieczce pracuj\u0105 tak samo, wynagradzani s\u0105 niejednakowo.<\/p>\n\n\n\n<p>Poza tym samorz\u0105dy wcale nie musz\u0105 respektowa\u0107 zdania Nowackiej, i\u017c nauczyciele nie powinni ani straci\u0107, ani zyska\u0107. Dyrektorzy nieraz otrzymuj\u0105 nakaz, i\u017c maj\u0105 p\u0142aci\u0107 tylko za lekcje faktycznie przeprowadzone. Je\u015bli wi\u0119c lekcje si\u0119 nie odby\u0142y, nie ma powodu, aby p\u0142aci\u0107 za nadgodziny.&nbsp;<\/p>\n\n\n\n<p>Na wycieczce pracuje si\u0119 24 godziny na dob\u0119 bez prawa do odpoczynku. Nieraz by\u0142em budzony w \u015brodku nocy, aby zaj\u0105\u0107 si\u0119 uczniami. Nie do\u015b\u0107, \u017ce to praca non stop, tak\u017ce nocna, to jeszcze odmawia mi si\u0119 wyp\u0142acenia tego, co normalnie zarobi\u0142bym w szkole?<\/p>\n\n\n\n<p>Stanowisko Barbary Nowackiej <a href=\"https:\/\/glos.pl\/minister-nowacka-o-wynagradzaniu-nauczycieli-na-wycieczkach-szkolnych-nauczyciel-swiadczy-prace-innego-rodzaju\">tutaj<\/a>.<\/p>\n","protected":false},"excerpt":{"rendered":"<p>Barbara Nowacka udzieli\u0142a odpowiedzi na zapytanie poselskie w sprawie wynagradzania nauczycieli za prac\u0119 podczas wycieczek szkolnych. Ministra jest zdania, \u017ce nauczyciele powinni otrzyma\u0107 tyle samo, ile by otrzymali, gdyby pracowali w szkole.&nbsp;<\/p>\n","protected":false},"author":1,"featured_media":13375,"comment_status":"open","ping_status":"closed","sticky":false,"template":"","format":"standard","meta":{"footnotes":""},"categories":[1],"tags":[],"_links":{"self":[{"href":"https:\/\/blog.polityka.pl\/chetkowski\/wp-json\/wp\/v2\/posts\/14252"}],"collection":[{"href":"https:\/\/blog.polityka.pl\/chetkowski\/wp-json\/wp\/v2\/posts"}],"about":[{"href":"https:\/\/blog.polityka.pl\/chetkowski\/wp-json\/wp\/v2\/types\/post"}],"author":[{"embeddable":true,"href":"https:\/\/blog.polityka.pl\/chetkowski\/wp-json\/wp\/v2\/users\/1"}],"replies":[{"embeddable":true,"href":"https:\/\/blog.polityka.pl\/chetkowski\/wp-json\/wp\/v2\/comments?post=14252"}],"version-history":[{"count":1,"href":"https:\/\/blog.polityka.pl\/chetkowski\/wp-json\/wp\/v2\/posts\/14252\/revisions"}],"predecessor-version":[{"id":14253,"href":"https:\/\/blog.polityka.pl\/chetkowski\/wp-json\/wp\/v2\/posts\/14252\/revisions\/14253"}],"wp:featuredmedia":[{"embeddable":true,"href":"https:\/\/blog.polityka.pl\/chetkowski\/wp-json\/wp\/v2\/media\/13375"}],"wp:attachment":[{"href":"https:\/\/blog.polityka.pl\/chetkowski\/wp-json\/wp\/v2\/media?parent=14252"}],"wp:term":[{"taxonomy":"category","embeddable":true,"href":"https:\/\/blog.polityka.pl\/chetkowski\/wp-json\/wp\/v2\/categories?post=14252"},{"taxonomy":"post_tag","embeddable":true,"href":"https:\/\/blog.polityka.pl\/chetkowski\/wp-json\/wp\/v2\/tags?post=14252"}],"curies":[{"name":"wp","href":"https:\/\/api.w.org\/{rel}","templated":true}]}}