
{"id":14254,"date":"2024-07-09T11:03:23","date_gmt":"2024-07-09T09:03:23","guid":{"rendered":"https:\/\/chetkowski.blog.polityka.pl\/?p=14254"},"modified":"2024-07-09T12:45:58","modified_gmt":"2024-07-09T10:45:58","slug":"dlaczego-cke-morduje-humanistow-masowa-dyskwalifikacja-zdajacych-mature-rozszerzona-z-polskiego","status":"publish","type":"post","link":"https:\/\/blog.polityka.pl\/chetkowski\/2024\/07\/09\/dlaczego-cke-morduje-humanistow-masowa-dyskwalifikacja-zdajacych-mature-rozszerzona-z-polskiego\/","title":{"rendered":"Dlaczego CKE morduje humanist\u00f3w? Masowa dyskwalifikacja zdaj\u0105cych matur\u0119 rozszerzon\u0105 z polskiego"},"content":{"rendered":"\n<p>Rzuci\u0142em okiem na wyniki matury rozszerzonej z j\u0119zyka polskiego. Jeszcze nigdy nie zdarzy\u0142o si\u0119, aby co pi\u0105ty zdaj\u0105cy (dok\u0142adnie 19 proc. ) ten przedmiot otrzyma\u0142 0 proc. Zero oznacza zniszczenie ca\u0142ego wysi\u0142ku, jaki m\u0142ody humanista w\u0142o\u017cy\u0142 w przygotowanie do tego egzaminu.<\/p>\n\n\n\n<!--more-->\n\n\n\n<p>Tyle zer nie ma na egzaminie z \u017cadnego innego przedmiotu. Zwykle totalne dno osi\u0105ga 1 proc. zdaj\u0105cych. Tak w tym roku jest z chemii, z biologii, geografii, fizyki oraz historii, tylko z informatyki zero trafi\u0142o si\u0119 a\u017c 6 proc. zdaj\u0105cych, a z matematyki rozszerzonej co dziesi\u0105tej osobie (10 proc. zdaj\u0105cych ma 0 proc.). Pod wzgl\u0119dem dyskwalifikacji j\u0119zyk polski bije na g\u0142ow\u0119 wszystkie inne przedmioty, nieomal dwukrotnie bije najtrudniejszy przedmiot, jakim jest matematyka. Co\u015b jest nie tak!<\/p>\n\n\n\n<p>Domagam si\u0119 gruntownej kontroli tego, co wyprawia Centralna Komisja Egzaminacyjna. Dzisiaj prawie 10 tys. m\u0142odych humanist\u00f3w dowiedzia\u0142o si\u0119, \u017ce s\u0105 zerami. Ci ludzie mieli 6-8 godzin polskiego w tygodniu i przez 4 lata uczyli si\u0119 pisa\u0107 wypracowania. Mogli si\u0119 nauczy\u0107 lepiej lub gorzej, ale nie na zero. CKE morduje swoimi niewydarzonymi pomys\u0142ami szkoln\u0105 humanistyk\u0119 i niszczy ambicje m\u0142odych ludzi. Czas powstrzyma\u0107 t\u0119 instytucj\u0119.<\/p>\n\n\n\n<p>Wyniki matury <a href=\"https:\/\/cke.gov.pl\/images\/_EGZAMIN_MATURALNY_OD_2023\/Informacje_o_wynikach\/2024\/20240709%20Wst\u0119pne%20informacje%20EM24%20CENTYLE.pdf\">tutaj<\/a>.<\/p>\n","protected":false},"excerpt":{"rendered":"<p>Rzuci\u0142em okiem na wyniki matury rozszerzonej z j\u0119zyka polskiego. Jeszcze nigdy nie zdarzy\u0142o si\u0119, aby co pi\u0105ty zdaj\u0105cy (dok\u0142adnie 19 proc. ) ten przedmiot otrzyma\u0142 0 proc. Zero oznacza zniszczenie ca\u0142ego wysi\u0142ku, jaki m\u0142ody humanista w\u0142o\u017cy\u0142 w przygotowanie do tego egzaminu.<\/p>\n","protected":false},"author":1,"featured_media":10101,"comment_status":"open","ping_status":"closed","sticky":false,"template":"","format":"standard","meta":{"footnotes":""},"categories":[1],"tags":[],"_links":{"self":[{"href":"https:\/\/blog.polityka.pl\/chetkowski\/wp-json\/wp\/v2\/posts\/14254"}],"collection":[{"href":"https:\/\/blog.polityka.pl\/chetkowski\/wp-json\/wp\/v2\/posts"}],"about":[{"href":"https:\/\/blog.polityka.pl\/chetkowski\/wp-json\/wp\/v2\/types\/post"}],"author":[{"embeddable":true,"href":"https:\/\/blog.polityka.pl\/chetkowski\/wp-json\/wp\/v2\/users\/1"}],"replies":[{"embeddable":true,"href":"https:\/\/blog.polityka.pl\/chetkowski\/wp-json\/wp\/v2\/comments?post=14254"}],"version-history":[{"count":3,"href":"https:\/\/blog.polityka.pl\/chetkowski\/wp-json\/wp\/v2\/posts\/14254\/revisions"}],"predecessor-version":[{"id":14257,"href":"https:\/\/blog.polityka.pl\/chetkowski\/wp-json\/wp\/v2\/posts\/14254\/revisions\/14257"}],"wp:featuredmedia":[{"embeddable":true,"href":"https:\/\/blog.polityka.pl\/chetkowski\/wp-json\/wp\/v2\/media\/10101"}],"wp:attachment":[{"href":"https:\/\/blog.polityka.pl\/chetkowski\/wp-json\/wp\/v2\/media?parent=14254"}],"wp:term":[{"taxonomy":"category","embeddable":true,"href":"https:\/\/blog.polityka.pl\/chetkowski\/wp-json\/wp\/v2\/categories?post=14254"},{"taxonomy":"post_tag","embeddable":true,"href":"https:\/\/blog.polityka.pl\/chetkowski\/wp-json\/wp\/v2\/tags?post=14254"}],"curies":[{"name":"wp","href":"https:\/\/api.w.org\/{rel}","templated":true}]}}