
{"id":14262,"date":"2024-07-13T07:09:00","date_gmt":"2024-07-13T05:09:00","guid":{"rendered":"https:\/\/chetkowski.blog.polityka.pl\/?p=14262"},"modified":"2024-07-11T20:27:58","modified_gmt":"2024-07-11T18:27:58","slug":"klasy-powinny-byc-20-osobowe","status":"publish","type":"post","link":"https:\/\/blog.polityka.pl\/chetkowski\/2024\/07\/13\/klasy-powinny-byc-20-osobowe\/","title":{"rendered":"Klasy powinny by\u0107 20-osobowe"},"content":{"rendered":"\n<p>ZNP domaga si\u0119 od MEN okre\u015blenia maksymalnej liczebno\u015bci zespo\u0142\u00f3w przedszkolnych i klasowych na 20 os\u00f3b. Dla jednych nauczycieli by\u0142aby to zmiana na lepsze, dla innych jednak na gorsze.<\/p>\n\n\n\n<!--more-->\n\n\n\n<p>Klasy, w kt\u00f3rych ucz\u0119, licz\u0105 ok. 30 os\u00f3b. Nie wszyscy nauczyciele pracuj\u0105 z ca\u0142ym zespo\u0142em. Gdy klasa liczy ponad 28 os\u00f3b, dzielona jest na grupy podczas nauki j\u0119zyk\u00f3w obcych, chemii, informatyki, w-f oraz ka\u017cdym innym przedmiocie, je\u015bli organ prowadz\u0105cy zgodzi si\u0119 na taki podzia\u0142. Zwykle jednak si\u0119 nie zgadza. Klasy 28-osobowe i mniejsze nie s\u0105 dzielone na grupy.<\/p>\n\n\n\n<p>W moim liceum w jednej klasie nawet j\u0119zyka polskiego ucz\u0119 w podziale na grupy, mam wtedy na lekcji tylko 16 os\u00f3b. W tej klasie tak\u017ce matematyka nauczana jest w grupach. Kiedy ja mam polski z po\u0142ow\u0105 klasy, druga po\u0142owa uczy si\u0119 matematyki. To jednak wyj\u0105tek. Pozosta\u0142y klasy ucz\u0105 si\u0119 polskiego i matematyki w pe\u0142nym sk\u0142adzie.<\/p>\n\n\n\n<p>Ustalenie maksymalnego limitu klas na poziomie 20 os\u00f3b rozwi\u0105za\u0142oby problem ni\u017cu, kt\u00f3ry nadchodzi. W tym roku przyjmujemy do klas pierwszych ok. 100 os\u00f3b, kt\u00f3re zostan\u0105 podzielone na 3 klasy. Zespo\u0142y b\u0119d\u0105 32-34-osobowe. Gdyby limit by\u0142 ustawiony na poziomie 20 os\u00f3b, mieliby\u015bmy 5 klas, czyli dok\u0142adnie tyle, ile w poprzednich latach.<\/p>\n\n\n\n<p>Info o wszystkich \u017c\u0105daniach ZNP <a href=\"https:\/\/glos.pl\/znp-sprawy-wymagajace-pilnego-uregulowania-i-konkretne-propozycje-w-zakresie-wynagrodzen\">tutaj<\/a>.<\/p>\n","protected":false},"excerpt":{"rendered":"<p>ZNP domaga si\u0119 od MEN okre\u015blenia maksymalnej liczebno\u015bci zespo\u0142\u00f3w przedszkolnych i klasowych na 20 os\u00f3b. Dla jednych nauczycieli by\u0142aby to zmiana na lepsze, dla innych jednak na gorsze.<\/p>\n","protected":false},"author":1,"featured_media":0,"comment_status":"open","ping_status":"closed","sticky":false,"template":"","format":"standard","meta":{"footnotes":""},"categories":[1],"tags":[],"_links":{"self":[{"href":"https:\/\/blog.polityka.pl\/chetkowski\/wp-json\/wp\/v2\/posts\/14262"}],"collection":[{"href":"https:\/\/blog.polityka.pl\/chetkowski\/wp-json\/wp\/v2\/posts"}],"about":[{"href":"https:\/\/blog.polityka.pl\/chetkowski\/wp-json\/wp\/v2\/types\/post"}],"author":[{"embeddable":true,"href":"https:\/\/blog.polityka.pl\/chetkowski\/wp-json\/wp\/v2\/users\/1"}],"replies":[{"embeddable":true,"href":"https:\/\/blog.polityka.pl\/chetkowski\/wp-json\/wp\/v2\/comments?post=14262"}],"version-history":[{"count":3,"href":"https:\/\/blog.polityka.pl\/chetkowski\/wp-json\/wp\/v2\/posts\/14262\/revisions"}],"predecessor-version":[{"id":14265,"href":"https:\/\/blog.polityka.pl\/chetkowski\/wp-json\/wp\/v2\/posts\/14262\/revisions\/14265"}],"wp:attachment":[{"href":"https:\/\/blog.polityka.pl\/chetkowski\/wp-json\/wp\/v2\/media?parent=14262"}],"wp:term":[{"taxonomy":"category","embeddable":true,"href":"https:\/\/blog.polityka.pl\/chetkowski\/wp-json\/wp\/v2\/categories?post=14262"},{"taxonomy":"post_tag","embeddable":true,"href":"https:\/\/blog.polityka.pl\/chetkowski\/wp-json\/wp\/v2\/tags?post=14262"}],"curies":[{"name":"wp","href":"https:\/\/api.w.org\/{rel}","templated":true}]}}