
{"id":14267,"date":"2024-07-11T20:22:03","date_gmt":"2024-07-11T18:22:03","guid":{"rendered":"https:\/\/chetkowski.blog.polityka.pl\/?p=14267"},"modified":"2024-07-11T20:24:48","modified_gmt":"2024-07-11T18:24:48","slug":"co-sie-zmienilo-w-ocenie-matury-rozszerzonej-z-polskiego-rok-temu-wyzerowano-4-proc-wypracowan-a-teraz-5-razy-wiecej","status":"publish","type":"post","link":"https:\/\/blog.polityka.pl\/chetkowski\/2024\/07\/11\/co-sie-zmienilo-w-ocenie-matury-rozszerzonej-z-polskiego-rok-temu-wyzerowano-4-proc-wypracowan-a-teraz-5-razy-wiecej\/","title":{"rendered":"Co si\u0119 zmieni\u0142o w ocenie matury rozszerzonej z polskiego? Rok temu wyzerowano 4 proc. wypracowa\u0144, a teraz 5 razy wi\u0119cej"},"content":{"rendered":"\n<p>Okazuje si\u0119, \u017ce w roku 2023 na egzaminie z j\u0119zyka polskiego na poziomie rozszerzonym wyzerowano pi\u0119\u0107 razy mniej os\u00f3b ni\u017c obecnie. Rok temu zero otrzyma\u0142 co 25 zdaj\u0105cy, a w tym \u2013 a\u017c co pi\u0105ty.&nbsp;<\/p>\n\n\n\n<!--more-->\n\n\n\n<p>Je\u015bli nie jest to wina z\u0142ego systemu egzaminowania ani samych egzaminator\u00f3w, to znaczy, \u017ce obecny rocznik ma pi\u0119\u0107 razy wi\u0119cej nieuk\u00f3w ni\u017c poprzedni. Nigdy w to nie uwierz\u0119. Roczniki a\u017c tak si\u0119 nie r\u00f3\u017cni\u0105. CKE pope\u0142ni\u0142a powa\u017cny b\u0142\u0105d w konstruowaniu tegorocznej matury z j\u0119zyka polskiego na poziomie rozszerzonym, co poskutkowa\u0142o pi\u0119ciokrotnym wzrostem zer.<\/p>\n\n\n\n<p>Sprawa jest powa\u017cna i wymaga pilnego zbadania. Rok 2023 \u2013 4 proc. zdaj\u0105cych uzyskuje 0 punkt\u00f3w z matury rozszerzonej z polskiego. Rok 2024 \u2013 19 proc. Rok 2025 \u2013 ile b\u0119dzie zer?<\/p>\n\n\n\n<p>Matura sta\u0142a si\u0119 loteri\u0105. Liczy si\u0119, w kt\u00f3rym roku zdajesz. Tu nie mo\u017cna m\u00f3wi\u0107 o wyj\u0105tkowym braku wiedzy i umiej\u0119tno\u015bci zdaj\u0105cych. Obecni maturzy\u015bci nie r\u00f3\u017cni\u0105 si\u0119 ani od poprzedniego rocznika, ani od kolejnego. CKE spapra\u0142a ten egzamin. Nie pozw\u00f3lmy, aby spapra\u0142a kolejny!<\/p>\n\n\n\n<p>Wyniki matury 2023 <a href=\"https:\/\/cke.gov.pl\/images\/_EGZAMIN_MATURALNY_OD_2023\/Informacje_o_wynikach\/2023\/20230707%20Wstepne%20informacje%20EM23%20CENTYLE.pdf\">tutaj \u2013 j. polski rozszerzony zob. s. 31<\/a>. Wyniki matury 2024 <a href=\"https:\/\/cke.gov.pl\/images\/_EGZAMIN_MATURALNY_OD_2023\/Informacje_o_wynikach\/2024\/20240709%20Wst\u0119pne%20informacje%20EM24%20CENTYLE.pdf\">tutaj \u2013 j. polski rozszerzony s. 19<\/a>.<\/p>\n","protected":false},"excerpt":{"rendered":"<p>Okazuje si\u0119, \u017ce w roku 2023 na egzaminie z j\u0119zyka polskiego na poziomie rozszerzonym wyzerowano pi\u0119\u0107 razy mniej os\u00f3b ni\u017c obecnie. Rok temu zero otrzyma\u0142 co 25 zdaj\u0105cy, a w tym \u2013 a\u017c co pi\u0105ty.&nbsp;<\/p>\n","protected":false},"author":1,"featured_media":0,"comment_status":"open","ping_status":"closed","sticky":false,"template":"","format":"standard","meta":{"footnotes":""},"categories":[1],"tags":[],"_links":{"self":[{"href":"https:\/\/blog.polityka.pl\/chetkowski\/wp-json\/wp\/v2\/posts\/14267"}],"collection":[{"href":"https:\/\/blog.polityka.pl\/chetkowski\/wp-json\/wp\/v2\/posts"}],"about":[{"href":"https:\/\/blog.polityka.pl\/chetkowski\/wp-json\/wp\/v2\/types\/post"}],"author":[{"embeddable":true,"href":"https:\/\/blog.polityka.pl\/chetkowski\/wp-json\/wp\/v2\/users\/1"}],"replies":[{"embeddable":true,"href":"https:\/\/blog.polityka.pl\/chetkowski\/wp-json\/wp\/v2\/comments?post=14267"}],"version-history":[{"count":9,"href":"https:\/\/blog.polityka.pl\/chetkowski\/wp-json\/wp\/v2\/posts\/14267\/revisions"}],"predecessor-version":[{"id":14276,"href":"https:\/\/blog.polityka.pl\/chetkowski\/wp-json\/wp\/v2\/posts\/14267\/revisions\/14276"}],"wp:attachment":[{"href":"https:\/\/blog.polityka.pl\/chetkowski\/wp-json\/wp\/v2\/media?parent=14267"}],"wp:term":[{"taxonomy":"category","embeddable":true,"href":"https:\/\/blog.polityka.pl\/chetkowski\/wp-json\/wp\/v2\/categories?post=14267"},{"taxonomy":"post_tag","embeddable":true,"href":"https:\/\/blog.polityka.pl\/chetkowski\/wp-json\/wp\/v2\/tags?post=14267"}],"curies":[{"name":"wp","href":"https:\/\/api.w.org\/{rel}","templated":true}]}}