
{"id":14281,"date":"2024-07-15T19:58:42","date_gmt":"2024-07-15T17:58:42","guid":{"rendered":"https:\/\/chetkowski.blog.polityka.pl\/?p=14281"},"modified":"2024-07-15T19:58:42","modified_gmt":"2024-07-15T17:58:42","slug":"co-ze-zdrowiem-psychicznym-nauczycieli","status":"publish","type":"post","link":"https:\/\/blog.polityka.pl\/chetkowski\/2024\/07\/15\/co-ze-zdrowiem-psychicznym-nauczycieli\/","title":{"rendered":"Co ze zdrowiem psychicznym nauczycieli?"},"content":{"rendered":"\n<p>Najpierw uczniowie debatuj\u0105cy przy okr\u0105g\u0142ym stole wysun\u0119li \u017c\u0105danie, aby wysy\u0142a\u0107 nauczycieli na obowi\u0105zkowe badania psychiatryczne. Teraz prof. Bogus\u0142aw \u015aliwerski powo\u0142a\u0142 si\u0119 na badania, z kt\u00f3rych wynika, \u017ce zdrowych psychicznie jest tylko 25-30 proc. nauczycieli.<\/p>\n\n\n\n<!--more-->\n\n\n\n<p>Cho\u0107 nie ma przymusu, nauczyciele si\u0119 badaj\u0105. I lecz\u0105. Wi\u0119kszo\u015b\u0107 os\u00f3b, kt\u00f3re od 1 wrze\u015bnia b\u0119d\u0105 korzysta\u0107 z urlopu na poratowanie zdrowia, cierpi psychicznie. Najcz\u0119\u015bciej jest to wypalenie zawodowe, brak poczucia sensu wykonywanej pracy, niska samoocena, depresja. Dawniej nauczyciele najcz\u0119\u015bciej chorowali na gard\u0142o i z tego powodu brali urlop zdrowotny. Teraz zwykle siada im psychika.<\/p>\n\n\n\n<p>Jak w gronie pracownik\u00f3w trafia si\u0119 kto\u015b w lepszym stanie psychicznym, to wok\u00f3\u0142 niego gromadzi si\u0119 t\u0142um kole\u017canek i koleg\u00f3w, kt\u00f3rzy pytaj\u0105, jak to robi, \u017ce si\u0119 trzyma. Ludzie chc\u0105 zna\u0107 recept\u0119 na radzenie sobie z frustracj\u0105. Najpopularniejsz\u0105 jest dorabianie, praca w kilku miejscach, bieganie z jednej szko\u0142y do drugiej. Jak ci\u0119 zdenerwuje szef z jednej szko\u0142y, to wypocisz frustracj\u0119 w drodze do drugiej szko\u0142y. To podobno dzia\u0142a.<\/p>\n\n\n\n<p>S\u0142owa \u015aliwerskiego o chorych psychicznie nauczycielach <a href=\"https:\/\/www.portalsamorzadowy.pl\/edukacja\/szkola-to-dom-wariatow-trzeba-zmienic-ja-od-podstaw-albo-z-niej-uciekac,556898.html?fbclid=IwZXh0bgNhZW0CMTAAAR18BPYBQpNP_LBDuTfJwH_Uf0YCzH0JZSMsiQS6nlsm5ECyVDExBY_kx9Q_aem_HRTxJVH8TGmKaWKnym4Zjg\">tutaj<\/a>.<\/p>\n","protected":false},"excerpt":{"rendered":"<p>Najpierw uczniowie debatuj\u0105cy przy okr\u0105g\u0142ym stole wysun\u0119li \u017c\u0105danie, aby wysy\u0142a\u0107 nauczycieli na obowi\u0105zkowe badania psychiatryczne. Teraz prof. Bogus\u0142aw \u015aliwerski powo\u0142a\u0142 si\u0119 na badania, z kt\u00f3rych wynika, \u017ce zdrowych psychicznie jest tylko 25-30 proc. nauczycieli.<\/p>\n","protected":false},"author":1,"featured_media":0,"comment_status":"open","ping_status":"closed","sticky":false,"template":"","format":"standard","meta":{"footnotes":""},"categories":[1],"tags":[],"_links":{"self":[{"href":"https:\/\/blog.polityka.pl\/chetkowski\/wp-json\/wp\/v2\/posts\/14281"}],"collection":[{"href":"https:\/\/blog.polityka.pl\/chetkowski\/wp-json\/wp\/v2\/posts"}],"about":[{"href":"https:\/\/blog.polityka.pl\/chetkowski\/wp-json\/wp\/v2\/types\/post"}],"author":[{"embeddable":true,"href":"https:\/\/blog.polityka.pl\/chetkowski\/wp-json\/wp\/v2\/users\/1"}],"replies":[{"embeddable":true,"href":"https:\/\/blog.polityka.pl\/chetkowski\/wp-json\/wp\/v2\/comments?post=14281"}],"version-history":[{"count":2,"href":"https:\/\/blog.polityka.pl\/chetkowski\/wp-json\/wp\/v2\/posts\/14281\/revisions"}],"predecessor-version":[{"id":14283,"href":"https:\/\/blog.polityka.pl\/chetkowski\/wp-json\/wp\/v2\/posts\/14281\/revisions\/14283"}],"wp:attachment":[{"href":"https:\/\/blog.polityka.pl\/chetkowski\/wp-json\/wp\/v2\/media?parent=14281"}],"wp:term":[{"taxonomy":"category","embeddable":true,"href":"https:\/\/blog.polityka.pl\/chetkowski\/wp-json\/wp\/v2\/categories?post=14281"},{"taxonomy":"post_tag","embeddable":true,"href":"https:\/\/blog.polityka.pl\/chetkowski\/wp-json\/wp\/v2\/tags?post=14281"}],"curies":[{"name":"wp","href":"https:\/\/api.w.org\/{rel}","templated":true}]}}