
{"id":14291,"date":"2024-07-22T10:17:45","date_gmt":"2024-07-22T08:17:45","guid":{"rendered":"https:\/\/chetkowski.blog.polityka.pl\/?p=14291"},"modified":"2024-07-22T10:17:45","modified_gmt":"2024-07-22T08:17:45","slug":"men-wraca-do-nauczyciela-roku","status":"publish","type":"post","link":"https:\/\/blog.polityka.pl\/chetkowski\/2024\/07\/22\/men-wraca-do-nauczyciela-roku\/","title":{"rendered":"MEN wraca do Nauczyciela Roku"},"content":{"rendered":"\n<p>Barbara Nowacka zadecydowa\u0142a, \u017ce MEN b\u0119dzie ponownie wsp\u00f3\u0142organizatorem konkursu Nauczyciel Roku (g\u0142\u00f3wnym jest G\u0142os Nauczycielski). Wypisa\u0142a si\u0119 z tego wydarzenia Anna Zalewska, gdy okaza\u0142o si\u0119, \u017ce zwyci\u0119\u017cczyni\u0105 zosta\u0142a nauczycielka gimnazjum. A PiS gimnazja likwidowa\u0142.<\/p>\n\n\n\n<!--more-->\n\n\n\n<p>Podobno Anna Zalewska w\u0142a\u015bnie podpisywa\u0142a dyplomy, gdy dotar\u0142o do niej, \u017ce Nauczycielk\u0105 Roku zosta\u0142a osoba z likwidowanej szko\u0142y (info o nagrodzonej wtedy osobie <a href=\"https:\/\/glos.pl\/20-lat-konkursu-marta-florkiewicz-borkowska-nauczyciel-roku-2017-pamietam-ten-dzien-bardzo-dobrze\">tutaj<\/a>). Przekre\u015bli\u0142a podpisane ju\u017c dokumenty, a pozosta\u0142e odrzuci\u0142a. By\u0107 mo\u017ce jury nie pomy\u015bla\u0142o, jaki b\u0119dzie skutek wybrania nauczycielki gimnazjum, a mo\u017ce zrobi\u0142o to celowo. W ka\u017cdym razie Zalewska wpad\u0142a w furi\u0119.<\/p>\n\n\n\n<p>PiS pr\u00f3bowa\u0142 wymy\u015bli\u0107 w\u0142asny konkurs promuj\u0105cy najlepszych nauczycieli, nic jednak z tego nie wysz\u0142o. Powsta\u0142a wi\u0119c kuriozalna sytuacja, \u017ce ministerstwo edukacji nie uczestniczy w najwi\u0119kszej imprezie nauczycielskiej, nie wysy\u0142a na uroczysto\u015b\u0107 swojego przedstawiciela ani nie sk\u0142ada gratulacji wyr\u00f3\u017cnionym i nagrodzonym. Komu wi\u0119c s\u0142u\u017cy ta instytucja, je\u015bli nie nauczycielom?<\/p>\n\n\n\n<p>Teraz Barbara Nowacka przywraca w MEN normalno\u015b\u0107. Mam nadziej\u0119, \u017ce prezydent RP te\u017c si\u0119 pofatyguje (Bronis\u0142aw Komorowski osobi\u015bcie gratulowa\u0142, ale potem si\u0119 wszystko spapra\u0142o). Info o bie\u017c\u0105cej edycji konkursu Nauczyciel Roku <a href=\"https:\/\/glos.pl\/nauczyciel-roku-2024-i-nauczyciel-jutr-mozna-juz-zglaszac-kandydatow\">tutaj<\/a>.<\/p>\n","protected":false},"excerpt":{"rendered":"<p>Barbara Nowacka zadecydowa\u0142a, \u017ce MEN b\u0119dzie ponownie wsp\u00f3\u0142organizatorem konkursu Nauczyciel Roku (g\u0142\u00f3wnym jest G\u0142os Nauczycielski). Wypisa\u0142a si\u0119 z tego wydarzenia Anna Zalewska, gdy okaza\u0142o si\u0119, \u017ce zwyci\u0119\u017cczyni\u0105 zosta\u0142a nauczycielka gimnazjum. A PiS gimnazja likwidowa\u0142.<\/p>\n","protected":false},"author":1,"featured_media":0,"comment_status":"open","ping_status":"closed","sticky":false,"template":"","format":"standard","meta":{"footnotes":""},"categories":[1],"tags":[],"_links":{"self":[{"href":"https:\/\/blog.polityka.pl\/chetkowski\/wp-json\/wp\/v2\/posts\/14291"}],"collection":[{"href":"https:\/\/blog.polityka.pl\/chetkowski\/wp-json\/wp\/v2\/posts"}],"about":[{"href":"https:\/\/blog.polityka.pl\/chetkowski\/wp-json\/wp\/v2\/types\/post"}],"author":[{"embeddable":true,"href":"https:\/\/blog.polityka.pl\/chetkowski\/wp-json\/wp\/v2\/users\/1"}],"replies":[{"embeddable":true,"href":"https:\/\/blog.polityka.pl\/chetkowski\/wp-json\/wp\/v2\/comments?post=14291"}],"version-history":[{"count":2,"href":"https:\/\/blog.polityka.pl\/chetkowski\/wp-json\/wp\/v2\/posts\/14291\/revisions"}],"predecessor-version":[{"id":14293,"href":"https:\/\/blog.polityka.pl\/chetkowski\/wp-json\/wp\/v2\/posts\/14291\/revisions\/14293"}],"wp:attachment":[{"href":"https:\/\/blog.polityka.pl\/chetkowski\/wp-json\/wp\/v2\/media?parent=14291"}],"wp:term":[{"taxonomy":"category","embeddable":true,"href":"https:\/\/blog.polityka.pl\/chetkowski\/wp-json\/wp\/v2\/categories?post=14291"},{"taxonomy":"post_tag","embeddable":true,"href":"https:\/\/blog.polityka.pl\/chetkowski\/wp-json\/wp\/v2\/tags?post=14291"}],"curies":[{"name":"wp","href":"https:\/\/api.w.org\/{rel}","templated":true}]}}