
{"id":14299,"date":"2024-07-27T14:16:33","date_gmt":"2024-07-27T12:16:33","guid":{"rendered":"https:\/\/chetkowski.blog.polityka.pl\/?p=14299"},"modified":"2024-07-27T14:16:33","modified_gmt":"2024-07-27T12:16:33","slug":"men-chce-aby-od-1-wrzesnia-klasy-byly-jeszcze-liczniejsze","status":"publish","type":"post","link":"https:\/\/blog.polityka.pl\/chetkowski\/2024\/07\/27\/men-chce-aby-od-1-wrzesnia-klasy-byly-jeszcze-liczniejsze\/","title":{"rendered":"MEN chce, aby od 1 wrze\u015bnia klasy by\u0142y jeszcze liczniejsze"},"content":{"rendered":"\n<p>Do roso\u0142u mo\u017cna w razie potrzeby dola\u0107 kubek wody i liczy\u0107, \u017ce smak zupy si\u0119 nie zmieni. Tak samo rz\u0105d postanowi\u0142 potraktowa\u0107 o\u015bwiat\u0119. Od 1 wrze\u015bnia limit w klasach 1-3 szko\u0142y podstawowej zostanie zwi\u0119kszony do 29 os\u00f3b. Klasy starsze mog\u0105 by\u0107 jeszcze liczniejsze. Jak bardzo, zdecyduje dyrektor plac\u00f3wki.<\/p>\n\n\n\n<!--more-->\n\n\n\n<p>Zwi\u0119kszanie liczebno\u015bci klas to spos\u00f3b na wepchni\u0119cie do systemu dzieci ukrai\u0144skich, kt\u00f3re przebywaj\u0105 w Polsce, ale do tej pory uczy\u0142y si\u0119 zdalnie w swojej ojczy\u017anie. Teraz zostan\u0105 obj\u0119te obowi\u0105zkiem szkolnym u nas. Na realizacj\u0119 tego zadania potrzebne s\u0105 dodatkowe pieni\u0105dze, rz\u0105d jednak postanowi\u0142 zrobi\u0107 to bezkosztowo, czyli po prostu dodatkowo obci\u0105\u017cy\u0107 nauczycieli. Do systemu \u201edoleje si\u0119\u201d ok. 80 tys. dzieci. Barbara Nowacka przekonuje, \u017ce smak pracy w takich klasach si\u0119 nie zmieni.<\/p>\n\n\n\n<p>Zmieni si\u0119 i to bardzo, co zaowocuje niech\u0119ci\u0105 do Bogu ducha winnych dzieci ukrai\u0144skich. Klasy, do kt\u00f3rych dok\u0142ada si\u0119 dzieci z Ukrainy, powinny by\u0107 raczej mniej liczne ni\u017c prze\u0142adowane. Powinny by\u0107 20-osobowe. Praca z tak wymieszanym zespo\u0142em wymaga wi\u0119cej wysi\u0142ku od nauczycieli, zreszt\u0105 od samych dzieci r\u00f3wnie\u017c. Gdy pojawi\u0105 si\u0119 powa\u017cne problemy, a w prze\u0142adowanych klasach s\u0105 one nieuchronne, rodzice b\u0119d\u0105 reagowali agresj\u0105 i \u017c\u0105daniem przeniesienia dziecka do klasy, gdzie nie ma Ukrai\u0144c\u00f3w. W ostateczno\u015bci zabior\u0105 ze szko\u0142y i przenios\u0105 do innej.<\/p>\n\n\n\n<p>Ministra o\u015bwiaty powinna wiedzie\u0107, co si\u0119 b\u0119dzie dzia\u0142o w nieomal 30-osobowowych klasach nauczania pocz\u0105tkowego, do kt\u00f3rych po prostu dopisze si\u0119 po 5-6 dzieci z Ukrainy. Najwidoczniej jednak nie wie albo te\u017c ma to gdzie\u015b. Szczeg\u00f3\u0142y problemu <a href=\"https:\/\/glos.pl\/dodatkowe-80-tys-uczniow-z-ukrainy-w-polskich-szkolach-od-wrzesnia-limity-w-klasach-zwiekszone-do-29-osob-jest-projekt-nowego-rozporzadzenia-men\">tutaj<\/a>.\u00a0<\/p>\n","protected":false},"excerpt":{"rendered":"<p>Do roso\u0142u mo\u017cna w razie potrzeby dola\u0107 kubek wody i liczy\u0107, \u017ce smak zupy si\u0119 nie zmieni. Tak samo rz\u0105d postanowi\u0142 potraktowa\u0107 o\u015bwiat\u0119. Od 1 wrze\u015bnia limit w klasach 1-3 szko\u0142y podstawowej zostanie zwi\u0119kszony do 29 os\u00f3b. Klasy starsze mog\u0105 by\u0107 jeszcze liczniejsze. Jak bardzo, zdecyduje dyrektor plac\u00f3wki.<\/p>\n","protected":false},"author":1,"featured_media":0,"comment_status":"open","ping_status":"closed","sticky":false,"template":"","format":"standard","meta":{"footnotes":""},"categories":[1],"tags":[],"_links":{"self":[{"href":"https:\/\/blog.polityka.pl\/chetkowski\/wp-json\/wp\/v2\/posts\/14299"}],"collection":[{"href":"https:\/\/blog.polityka.pl\/chetkowski\/wp-json\/wp\/v2\/posts"}],"about":[{"href":"https:\/\/blog.polityka.pl\/chetkowski\/wp-json\/wp\/v2\/types\/post"}],"author":[{"embeddable":true,"href":"https:\/\/blog.polityka.pl\/chetkowski\/wp-json\/wp\/v2\/users\/1"}],"replies":[{"embeddable":true,"href":"https:\/\/blog.polityka.pl\/chetkowski\/wp-json\/wp\/v2\/comments?post=14299"}],"version-history":[{"count":1,"href":"https:\/\/blog.polityka.pl\/chetkowski\/wp-json\/wp\/v2\/posts\/14299\/revisions"}],"predecessor-version":[{"id":14300,"href":"https:\/\/blog.polityka.pl\/chetkowski\/wp-json\/wp\/v2\/posts\/14299\/revisions\/14300"}],"wp:attachment":[{"href":"https:\/\/blog.polityka.pl\/chetkowski\/wp-json\/wp\/v2\/media?parent=14299"}],"wp:term":[{"taxonomy":"category","embeddable":true,"href":"https:\/\/blog.polityka.pl\/chetkowski\/wp-json\/wp\/v2\/categories?post=14299"},{"taxonomy":"post_tag","embeddable":true,"href":"https:\/\/blog.polityka.pl\/chetkowski\/wp-json\/wp\/v2\/tags?post=14299"}],"curies":[{"name":"wp","href":"https:\/\/api.w.org\/{rel}","templated":true}]}}