
{"id":14303,"date":"2024-08-02T07:17:00","date_gmt":"2024-08-02T05:17:00","guid":{"rendered":"https:\/\/chetkowski.blog.polityka.pl\/?p=14303"},"modified":"2024-08-02T11:00:08","modified_gmt":"2024-08-02T09:00:08","slug":"zolnierze-moga-prowadzic-lekcje-tylko-w-obecnosci-nauczyciela","status":"publish","type":"post","link":"https:\/\/blog.polityka.pl\/chetkowski\/2024\/08\/02\/zolnierze-moga-prowadzic-lekcje-tylko-w-obecnosci-nauczyciela\/","title":{"rendered":"\u017bo\u0142nierze mog\u0105 prowadzi\u0107 lekcje tylko w obecno\u015bci nauczyciela"},"content":{"rendered":"\n<p>Barbara Nowacka zapowiedzia\u0142a kontynuacj\u0119 programu \u201eEdukacja z wojskiem\u201d. Ministra edukacji stwierdzi\u0142a, \u017ce \u201epatriotyzm to nie jest wymachiwanie flag\u0105 i krzyczenie&nbsp;<em>Polska<\/em>\u201d, to konkretne dzia\u0142ania na rzecz drugiego cz\u0142owieka. Praktycznych rad, jak ratowa\u0107 siebie oraz innych w sytuacji zagro\u017cenia, b\u0119d\u0105 udziela\u0107 uczniom \u017co\u0142nierze. Oczywi\u015bcie w towarzystwie nauczyciela.<\/p>\n\n\n\n<!--more-->\n\n\n\n<p>Obecno\u015b\u0107 nauczyciela jest konieczna, gdy\u017c \u017co\u0142nierze mog\u0105 nie mie\u0107 przygotowania pedagogicznego. Nie wolno wi\u0119c wojak\u00f3w zostawia\u0107 sam na sam z klas\u0105. Mundurowi \u2013 policjanci r\u00f3wnie\u017c &#8211; zwykle sugeruj\u0105 nauczycielowi, \u017ceby poszed\u0142 na kaw\u0119, przecie\u017c nic z\u0142ego uczniom si\u0119 nie stanie. Niekt\u00f3rzy wr\u0119cz s\u0105 obra\u017ceni, gdy nauczyciel nie wychodzi. Pami\u0119tam takiego go\u015bcia \u2013 przy okazji innego programu \u2013 kt\u00f3ry powiedzia\u0142, \u017ce zacznie dopiero wtedy, jak nauczyciele wyjd\u0105.<\/p>\n\n\n\n<p>Nie w\u0105tpi\u0119, \u017ce uczniom nic nie grozi ze strony \u017co\u0142nierzy. Nie mam jednak pewno\u015bci, czy r\u00f3wnie nienagannie b\u0119d\u0105 zachowywa\u0107 si\u0119 uczniowie wobec mundurowych. M\u0142odzie\u017c bardzo lubi prowokowa\u0107, sprawdza\u0107 cierpliwo\u015b\u0107 go\u015bci, wytrzyma\u0142o\u015b\u0107 psychiczn\u0105 na stres. Niejeden zaprawiony w boju wojskowy m\u00f3g\u0142by okaza\u0107 si\u0119 ca\u0142kowicie bezradny wobec pomys\u0142\u00f3w nastolatk\u00f3w. Dlatego lepiej, \u017ceby nauczyciel nie spuszcza\u0142 uczni\u00f3w z oka.&nbsp;<\/p>\n\n\n\n<p>Poza tym taki jest obowi\u0105zek. \u017badna osoba, kt\u00f3ra nie jest pracownikiem szko\u0142y, nie mo\u017ce by\u0107 sam na sam z uczniami. Na kaw\u0119 mo\u017cna b\u0119dzie wyj\u015b\u0107 dopiero w czasie przerwy.&nbsp;<\/p>\n\n\n\n<p>Info o programie \u201eEdukacja z wojskiem\u201d <a href=\"https:\/\/www.prawo.pl\/oswiata\/men-bedzie-kontynuowac-program-edukacja-z-wojskiem,528226.html\">tutaj<\/a>.<\/p>\n","protected":false},"excerpt":{"rendered":"<p>Barbara Nowacka zapowiedzia\u0142a kontynuacj\u0119 programu \u201eEdukacja z wojskiem\u201d. Ministra edukacji stwierdzi\u0142a, \u017ce \u201epatriotyzm to nie jest wymachiwanie flag\u0105 i krzyczenie&nbsp;Polska\u201d, to konkretne dzia\u0142ania na rzecz drugiego cz\u0142owieka. Praktycznych rad, jak ratowa\u0107 siebie oraz innych w sytuacji zagro\u017cenia, b\u0119d\u0105 udziela\u0107 uczniom \u017co\u0142nierze. Oczywi\u015bcie w towarzystwie nauczyciela.<\/p>\n","protected":false},"author":1,"featured_media":12636,"comment_status":"open","ping_status":"closed","sticky":false,"template":"","format":"standard","meta":{"footnotes":""},"categories":[1],"tags":[],"_links":{"self":[{"href":"https:\/\/blog.polityka.pl\/chetkowski\/wp-json\/wp\/v2\/posts\/14303"}],"collection":[{"href":"https:\/\/blog.polityka.pl\/chetkowski\/wp-json\/wp\/v2\/posts"}],"about":[{"href":"https:\/\/blog.polityka.pl\/chetkowski\/wp-json\/wp\/v2\/types\/post"}],"author":[{"embeddable":true,"href":"https:\/\/blog.polityka.pl\/chetkowski\/wp-json\/wp\/v2\/users\/1"}],"replies":[{"embeddable":true,"href":"https:\/\/blog.polityka.pl\/chetkowski\/wp-json\/wp\/v2\/comments?post=14303"}],"version-history":[{"count":1,"href":"https:\/\/blog.polityka.pl\/chetkowski\/wp-json\/wp\/v2\/posts\/14303\/revisions"}],"predecessor-version":[{"id":14304,"href":"https:\/\/blog.polityka.pl\/chetkowski\/wp-json\/wp\/v2\/posts\/14303\/revisions\/14304"}],"wp:featuredmedia":[{"embeddable":true,"href":"https:\/\/blog.polityka.pl\/chetkowski\/wp-json\/wp\/v2\/media\/12636"}],"wp:attachment":[{"href":"https:\/\/blog.polityka.pl\/chetkowski\/wp-json\/wp\/v2\/media?parent=14303"}],"wp:term":[{"taxonomy":"category","embeddable":true,"href":"https:\/\/blog.polityka.pl\/chetkowski\/wp-json\/wp\/v2\/categories?post=14303"},{"taxonomy":"post_tag","embeddable":true,"href":"https:\/\/blog.polityka.pl\/chetkowski\/wp-json\/wp\/v2\/tags?post=14303"}],"curies":[{"name":"wp","href":"https:\/\/api.w.org\/{rel}","templated":true}]}}