
{"id":14305,"date":"2024-07-28T15:04:36","date_gmt":"2024-07-28T13:04:36","guid":{"rendered":"https:\/\/chetkowski.blog.polityka.pl\/?p=14305"},"modified":"2024-07-28T15:39:13","modified_gmt":"2024-07-28T13:39:13","slug":"mature-w-roku-2025-nalezy-odwolac-cke-wciaz-nie-moze-sie-zdecydowac-jak-ma-wygladac-ten-egzamin","status":"publish","type":"post","link":"https:\/\/blog.polityka.pl\/chetkowski\/2024\/07\/28\/mature-w-roku-2025-nalezy-odwolac-cke-wciaz-nie-moze-sie-zdecydowac-jak-ma-wygladac-ten-egzamin\/","title":{"rendered":"Matur\u0119 w roku 2025 nale\u017cy odwo\u0142a\u0107. CKE wci\u0105\u017c nie mo\u017ce si\u0119 zdecydowa\u0107, jak ma wygl\u0105da\u0107 ten egzamin"},"content":{"rendered":"\n<p>Wci\u0105\u017c nie wiadomo, jak b\u0119dzie wygl\u0105da\u0107 arkusz egzaminacyjny z j\u0119zyka polskiego na poziomie rozszerzonym. CKE nie mo\u017ce si\u0119 zdecydowa\u0107, czy maturzy\u015bci b\u0119d\u0105 pisa\u0107 tylko wypracowanie \u2013 jak w tym roku \u2013 czy te\u017c powinni jeszcze rozwi\u0105za\u0107 test. Cho\u0107 do matury mniej ni\u017c rok, decyzji nie ma.<\/p>\n\n\n\n<!--more-->\n\n\n\n<p>W najnowszym informatorze CKE z 10 lipca 2024 roku czytamy:<\/p>\n\n\n\n<p>\u201eDo decyzji pozostaje kwestia formatu arkusza. W Informatorze okre\u015blone zostanie, czy arkusz b\u0119dzie zawiera\u0142 wy\u0142\u0105cznie wypracowanie, czy r\u00f3wnie\u017c test.\u201d (\u017ar\u00f3d\u0142o <a href=\"https:\/\/cke.gov.pl\/images\/_KOMUNIKATY\/20240710%20Zmiany%20w%20egzaminach%20od%202025.pdf\">tutaj, zob. s. 4<\/a>)<\/p>\n\n\n\n<p>Przypomn\u0119, \u017ce nauka w liceum trwa 4 lata. Mo\u017cna by od pocz\u0105tku \u0107wiczy\u0107 umiej\u0119tno\u015bci, kt\u00f3re s\u0105 oceniane na egzaminie maturalnym. Nie mo\u017cna jednak tego robi\u0107, gdy\u017c egzaminy to wielka niewiadoma. Gdy nie mo\u017cna poda\u0107 uczniom, co konkretnie obowi\u0105zuje, nale\u017ca\u0142oby matur\u0119 odwo\u0142a\u0107.<\/p>\n\n\n\n<p>Pozostaje jeszcze kwestia, co nale\u017cy zrobi\u0107 z kierownictwem CKE, kt\u00f3re nie potrafi podj\u0105\u0107 decyzji.<\/p>\n","protected":false},"excerpt":{"rendered":"<p>Wci\u0105\u017c nie wiadomo, jak b\u0119dzie wygl\u0105da\u0107 arkusz egzaminacyjny z j\u0119zyka polskiego na poziomie rozszerzonym. CKE nie mo\u017ce si\u0119 zdecydowa\u0107, czy maturzy\u015bci b\u0119d\u0105 pisa\u0107 tylko wypracowanie \u2013 jak w tym roku \u2013 czy te\u017c powinni jeszcze rozwi\u0105za\u0107 test. Cho\u0107 do matury mniej ni\u017c rok, decyzji nie ma.<\/p>\n","protected":false},"author":1,"featured_media":9499,"comment_status":"open","ping_status":"closed","sticky":false,"template":"","format":"standard","meta":{"footnotes":""},"categories":[1],"tags":[],"_links":{"self":[{"href":"https:\/\/blog.polityka.pl\/chetkowski\/wp-json\/wp\/v2\/posts\/14305"}],"collection":[{"href":"https:\/\/blog.polityka.pl\/chetkowski\/wp-json\/wp\/v2\/posts"}],"about":[{"href":"https:\/\/blog.polityka.pl\/chetkowski\/wp-json\/wp\/v2\/types\/post"}],"author":[{"embeddable":true,"href":"https:\/\/blog.polityka.pl\/chetkowski\/wp-json\/wp\/v2\/users\/1"}],"replies":[{"embeddable":true,"href":"https:\/\/blog.polityka.pl\/chetkowski\/wp-json\/wp\/v2\/comments?post=14305"}],"version-history":[{"count":2,"href":"https:\/\/blog.polityka.pl\/chetkowski\/wp-json\/wp\/v2\/posts\/14305\/revisions"}],"predecessor-version":[{"id":14307,"href":"https:\/\/blog.polityka.pl\/chetkowski\/wp-json\/wp\/v2\/posts\/14305\/revisions\/14307"}],"wp:featuredmedia":[{"embeddable":true,"href":"https:\/\/blog.polityka.pl\/chetkowski\/wp-json\/wp\/v2\/media\/9499"}],"wp:attachment":[{"href":"https:\/\/blog.polityka.pl\/chetkowski\/wp-json\/wp\/v2\/media?parent=14305"}],"wp:term":[{"taxonomy":"category","embeddable":true,"href":"https:\/\/blog.polityka.pl\/chetkowski\/wp-json\/wp\/v2\/categories?post=14305"},{"taxonomy":"post_tag","embeddable":true,"href":"https:\/\/blog.polityka.pl\/chetkowski\/wp-json\/wp\/v2\/tags?post=14305"}],"curies":[{"name":"wp","href":"https:\/\/api.w.org\/{rel}","templated":true}]}}