
{"id":14309,"date":"2024-08-01T07:32:00","date_gmt":"2024-08-01T05:32:00","guid":{"rendered":"https:\/\/chetkowski.blog.polityka.pl\/?p=14309"},"modified":"2024-08-01T11:14:02","modified_gmt":"2024-08-01T09:14:02","slug":"ranking-lektur-noblisci-w-szkole-sie-nie-licza","status":"publish","type":"post","link":"https:\/\/blog.polityka.pl\/chetkowski\/2024\/08\/01\/ranking-lektur-noblisci-w-szkole-sie-nie-licza\/","title":{"rendered":"Ranking lektur. Nobli\u015bci w szkole si\u0119 nie licz\u0105"},"content":{"rendered":"\n<p>Na podstawie opublikowanego przez CKE projektu pyta\u0144, kt\u00f3re b\u0119d\u0105 obowi\u0105zywa\u0107 na maturze ustnej z j\u0119zyka polskiego, mo\u017cna ustali\u0107, co w kanonie jest szczeg\u00f3lnie wa\u017cne. Na li\u015bcie lektur pierwsze miejsce zajmuje Boles\u0142aw Prus, za nim jest Adam Mickiewicz, a na trzecim miejscu Stanis\u0142aw Wyspia\u0144ski. Noblist\u00f3w na podium nie ma.<\/p>\n\n\n\n<!--more-->\n\n\n\n<p>Henryka Sienkiewicza dotyczy jedno pytanie, podobnie Olgi Tokarczuk oraz W\u0142adys\u0142awa Reymonta. \u017badne pytanie nie odnosi si\u0119 do Czes\u0142awa Mi\u0142osza czy Wis\u0142awy Szymborskiej. Tych noblist\u00f3w maturzysta widocznie nie musi zna\u0107.<\/p>\n\n\n\n<p>Z pisarzy obcych najbardziej licz\u0105 si\u0119 Fiodor Dostojewski oraz George Orwell. Tu\u017c za nimi s\u0105 Albert Camus (noblista) oraz Szekspir. Wci\u0105\u017c te\u017c na topie utrzymuje si\u0119 Biblia. Maturzysta musi zna\u0107 Ksi\u0119g\u0119 Hioba, Ksi\u0119g\u0119 Koheleta oraz Apokalips\u0119.<\/p>\n\n\n\n<p>Literatura polska<\/p>\n\n\n\n<ol>\n<li>Boles\u0142aw Prus,\u00a0<em>Lalka<\/em>\u00a0\u2013 7 pyta\u0144;<\/li>\n\n\n\n<li>Adam Mickiewicz,\u00a0<em>Dziady cz. 3<\/em>\u00a0\u2013 6 pyta\u0144;<\/li>\n\n\n\n<li>Stanis\u0142aw Wyspia\u0144ski,\u00a0<em>Wesele<\/em>\u00a0\u2013 5 pyta\u0144.<\/li>\n<\/ol>\n\n\n\n<p>Literatura obca<\/p>\n\n\n\n<ol>\n<li>Fiodor Dostojewski,\u00a0<em>Zbrodnia i kara<\/em>\u00a0\u2013 4 pytania;<\/li>\n\n\n\n<li>George Orwell,\u00a0<em>Rok 1984<\/em>\u00a0\u2013 4 pytania;<\/li>\n\n\n\n<li>Albert Camus,\u00a0<em>D\u017cuma<\/em>\u00a0\u2013 3 pytania.<\/li>\n\n\n\n<li>William Szekspir,\u00a0<em>Makbet<\/em>\u00a0\u2013 3 pytania.<\/li>\n<\/ol>\n\n\n\n<p>Warto zauwa\u017cy\u0107, \u017ce pytania maturalne dotycz\u0105 tylko dw\u00f3ch autorek: Hanny Krall (dwa pytania) i Olgi Tokarczuk (jedno pytanie). Orzeszkowa, Konopnicka, Na\u0142kowska \u2013 szkoda pyta\u0107.<\/p>\n\n\n\n<p>Projekt jawnych pyta\u0144 na egzamin ustny z j\u0119zyka polskiego <a href=\"https:\/\/cke.gov.pl\/images\/_KOMUNIKATY\/20240710%20Zmiany%20w%20egzaminach%20od%202025.pdf\">tutaj \u2013 na ko\u0144cu pliku<\/a>.\u00a0<\/p>\n","protected":false},"excerpt":{"rendered":"<p>Na podstawie opublikowanego przez CKE projektu pyta\u0144, kt\u00f3re b\u0119d\u0105 obowi\u0105zywa\u0107 na maturze ustnej z j\u0119zyka polskiego, mo\u017cna ustali\u0107, co w kanonie jest szczeg\u00f3lnie wa\u017cne. Na li\u015bcie lektur pierwsze miejsce zajmuje Boles\u0142aw Prus, za nim jest Adam Mickiewicz, a na trzecim miejscu Stanis\u0142aw Wyspia\u0144ski. Noblist\u00f3w na podium nie ma.<\/p>\n","protected":false},"author":1,"featured_media":12818,"comment_status":"open","ping_status":"closed","sticky":false,"template":"","format":"standard","meta":{"footnotes":""},"categories":[1],"tags":[],"_links":{"self":[{"href":"https:\/\/blog.polityka.pl\/chetkowski\/wp-json\/wp\/v2\/posts\/14309"}],"collection":[{"href":"https:\/\/blog.polityka.pl\/chetkowski\/wp-json\/wp\/v2\/posts"}],"about":[{"href":"https:\/\/blog.polityka.pl\/chetkowski\/wp-json\/wp\/v2\/types\/post"}],"author":[{"embeddable":true,"href":"https:\/\/blog.polityka.pl\/chetkowski\/wp-json\/wp\/v2\/users\/1"}],"replies":[{"embeddable":true,"href":"https:\/\/blog.polityka.pl\/chetkowski\/wp-json\/wp\/v2\/comments?post=14309"}],"version-history":[{"count":6,"href":"https:\/\/blog.polityka.pl\/chetkowski\/wp-json\/wp\/v2\/posts\/14309\/revisions"}],"predecessor-version":[{"id":14315,"href":"https:\/\/blog.polityka.pl\/chetkowski\/wp-json\/wp\/v2\/posts\/14309\/revisions\/14315"}],"wp:featuredmedia":[{"embeddable":true,"href":"https:\/\/blog.polityka.pl\/chetkowski\/wp-json\/wp\/v2\/media\/12818"}],"wp:attachment":[{"href":"https:\/\/blog.polityka.pl\/chetkowski\/wp-json\/wp\/v2\/media?parent=14309"}],"wp:term":[{"taxonomy":"category","embeddable":true,"href":"https:\/\/blog.polityka.pl\/chetkowski\/wp-json\/wp\/v2\/categories?post=14309"},{"taxonomy":"post_tag","embeddable":true,"href":"https:\/\/blog.polityka.pl\/chetkowski\/wp-json\/wp\/v2\/tags?post=14309"}],"curies":[{"name":"wp","href":"https:\/\/api.w.org\/{rel}","templated":true}]}}