
{"id":14318,"date":"2024-07-31T07:17:00","date_gmt":"2024-07-31T05:17:00","guid":{"rendered":"https:\/\/chetkowski.blog.polityka.pl\/?p=14318"},"modified":"2024-07-31T10:13:01","modified_gmt":"2024-07-31T08:13:01","slug":"konsultacje-spoleczne-w-sprawie-zera-na-maturze","status":"publish","type":"post","link":"https:\/\/blog.polityka.pl\/chetkowski\/2024\/07\/31\/konsultacje-spoleczne-w-sprawie-zera-na-maturze\/","title":{"rendered":"Konsultacje spo\u0142eczne w sprawie zera na maturze"},"content":{"rendered":"\n<p>MEN chce przed\u0142u\u017cy\u0107 na kolejne dwa lata zasad\u0119, \u017ce zero z przedmiotu dodatkowego na maturze te\u017c zalicza. Maturzysta ma obowi\u0105zek wybra\u0107 jeden przedmiot na poziomie rozszerzonym i pojawi\u0107 si\u0119 na egzaminie, natomiast wynik nie b\u0119dzie mia\u0142 znaczenia. Barbara Nowacka konsultuje t\u0119 propozycj\u0119 ze spo\u0142ecze\u0144stwem. Co my na to?<\/p>\n\n\n\n<!--more-->\n\n\n\n<p>Pr\u00f3g zaliczenia 30 proc. obowi\u0105zuje tylko na maturze ustnej (j\u0119zyk polski i obcy) oraz na trzech obowi\u0105zkowych egzaminach na poziomie podstawowym: na j\u0119zyku polskim, obcym i matematyce. Aby otrzyma\u0107 \u015bwiadectwo maturalne, nale\u017cy z ww. egzamin\u00f3w uzyska\u0107 wynik co najmniej 30 proc. Do egzaminu z przedmiotu dodatkowego wystarczy podej\u015b\u0107.<\/p>\n\n\n\n<p>Gdy tworzono now\u0105 formu\u0142\u0119 matury, zwan\u0105 2023, straszono m\u0142odzie\u017c wysokimi wymaganiami. Przede wszystkim mia\u0142 zosta\u0107 wprowadzony pr\u00f3g r\u00f3wnie\u017c na egzaminie z przedmiotu dodatkowego, zdawanego na poziomie rozszerzonym. Nigdy jednak tej zapowiedzi nie zrealizowano.&nbsp;<\/p>\n\n\n\n<p>Najpierw zwolniono z tego obowi\u0105zku dwa pierwsze roczniki, zdaj\u0105ce matur\u0119 w roku 2023 i 2024. Teraz MEN chce tym przywilejem obj\u0105\u0107 kolejne dwa roczniki (matura 2025 i 2026). Podejrzewam, \u017ce w\u0142adze o\u015bwiatowe nigdy nie zdecyduj\u0105 si\u0119 na wprowadzenie progu na poziomie rozszerzonym. By\u0142oby uczciwe to og\u0142osi\u0107.&nbsp;<\/p>\n\n\n\n<p>Niepotrzebnie m\u0142odsze roczniki, czyli obecni pierwszo- i drugoklasi\u015bci, ucz\u0105 si\u0119 w niepewno\u015bci. Zasady, jakie b\u0119d\u0105 obowi\u0105zywa\u0107 na maturze, powinny by\u0107 znane cz\u0142owiekowi od pierwszego dnia nauki w szkole \u015bredniej. No ale do takiej uczciwo\u015bci jeszcze w Polsce nie dojrzeli\u015bmy.<\/p>\n\n\n\n<p>Szczeg\u00f3\u0142y o konsultacjach spo\u0142ecznych w sprawie zmian na maturze <a href=\"https:\/\/glos.pl\/beda-zmiany-w-egzaminach-men-konsultuje-nowy-projekt-ustawy-o-systemie-oswiaty\">tutaj<\/a>.<\/p>\n","protected":false},"excerpt":{"rendered":"<p>MEN chce przed\u0142u\u017cy\u0107 na kolejne dwa lata zasad\u0119, \u017ce zero z przedmiotu dodatkowego na maturze te\u017c zalicza. Maturzysta ma obowi\u0105zek wybra\u0107 jeden przedmiot na poziomie rozszerzonym i pojawi\u0107 si\u0119 na egzaminie, natomiast wynik nie b\u0119dzie mia\u0142 znaczenia. Barbara Nowacka konsultuje t\u0119 propozycj\u0119 ze spo\u0142ecze\u0144stwem. Co my na to?<\/p>\n","protected":false},"author":1,"featured_media":10101,"comment_status":"open","ping_status":"closed","sticky":false,"template":"","format":"standard","meta":{"footnotes":""},"categories":[1],"tags":[],"_links":{"self":[{"href":"https:\/\/blog.polityka.pl\/chetkowski\/wp-json\/wp\/v2\/posts\/14318"}],"collection":[{"href":"https:\/\/blog.polityka.pl\/chetkowski\/wp-json\/wp\/v2\/posts"}],"about":[{"href":"https:\/\/blog.polityka.pl\/chetkowski\/wp-json\/wp\/v2\/types\/post"}],"author":[{"embeddable":true,"href":"https:\/\/blog.polityka.pl\/chetkowski\/wp-json\/wp\/v2\/users\/1"}],"replies":[{"embeddable":true,"href":"https:\/\/blog.polityka.pl\/chetkowski\/wp-json\/wp\/v2\/comments?post=14318"}],"version-history":[{"count":1,"href":"https:\/\/blog.polityka.pl\/chetkowski\/wp-json\/wp\/v2\/posts\/14318\/revisions"}],"predecessor-version":[{"id":14319,"href":"https:\/\/blog.polityka.pl\/chetkowski\/wp-json\/wp\/v2\/posts\/14318\/revisions\/14319"}],"wp:featuredmedia":[{"embeddable":true,"href":"https:\/\/blog.polityka.pl\/chetkowski\/wp-json\/wp\/v2\/media\/10101"}],"wp:attachment":[{"href":"https:\/\/blog.polityka.pl\/chetkowski\/wp-json\/wp\/v2\/media?parent=14318"}],"wp:term":[{"taxonomy":"category","embeddable":true,"href":"https:\/\/blog.polityka.pl\/chetkowski\/wp-json\/wp\/v2\/categories?post=14318"},{"taxonomy":"post_tag","embeddable":true,"href":"https:\/\/blog.polityka.pl\/chetkowski\/wp-json\/wp\/v2\/tags?post=14318"}],"curies":[{"name":"wp","href":"https:\/\/api.w.org\/{rel}","templated":true}]}}