
{"id":14320,"date":"2024-08-05T06:02:00","date_gmt":"2024-08-05T04:02:00","guid":{"rendered":"https:\/\/chetkowski.blog.polityka.pl\/?p=14320"},"modified":"2024-08-04T16:04:55","modified_gmt":"2024-08-04T14:04:55","slug":"emerytowani-nauczyciele-nie-moga-sie-doczekac-konca-wakacji","status":"publish","type":"post","link":"https:\/\/blog.polityka.pl\/chetkowski\/2024\/08\/05\/emerytowani-nauczyciele-nie-moga-sie-doczekac-konca-wakacji\/","title":{"rendered":"Emerytowani nauczyciele nie mog\u0105 si\u0119 doczeka\u0107 ko\u0144ca wakacji"},"content":{"rendered":"\n<p>Emerytowani nauczyciele, kt\u00f3rym zaproponowano zatrudnienie w szkole, nie mog\u0105 doczeka\u0107 si\u0119 ko\u0144ca wakacji. Z rado\u015bci\u0105 poprowadziliby lekcje ju\u017c teraz. Nie s\u0105 wypaleni, wi\u0119c nie boj\u0105 si\u0119 pracy z uczniami. Co innego m\u0142odsi nauczyciele.<\/p>\n\n\n\n<!--more-->\n\n\n\n<p>M\u0142odsi nauczyciele ju\u017c zaczynaj\u0105 ba\u0107 si\u0119 powrotu do szko\u0142y. Nerwowo licz\u0105 dni do ko\u0144ca wakacji. Na szcz\u0119\u015bcie w ostatnim tygodniu sierpnia, gdy ju\u017c zaczn\u0105 si\u0119 zebrania rad pedagogicznych, jeszcze nie b\u0119dzie uczni\u00f3w. Zreszt\u0105 nie uczniowie s\u0105 najgorsi. Wypaleni nauczyciele najbardziej boj\u0105 si\u0119 rodzic\u00f3w. Pierwsze zebrania z rodzicami dopiero za jaki\u015b miesi\u0105c.<\/p>\n\n\n\n<p>Natomiast emeryci nikogo si\u0119 nie boj\u0105: ani uczni\u00f3w, ani rodzic\u00f3w. Nie boj\u0105 si\u0119 te\u017c dyrekcji. Seniorzy nie musz\u0105 niczego udowadnia\u0107. \u017baden dyrektor nie robi im \u0142aski, \u017ce daje prac\u0119. Jest raczej odwrotnie: to emeryci \u0142askawie przyjmuj\u0105 zaproszenie, aby zaopiekowa\u0107 si\u0119 jedn\u0105 czy dwiema klasami i uratowa\u0107 szko\u0142\u0119 przed wakatami.&nbsp;<\/p>\n\n\n\n<p>Widzia\u0142em si\u0119 ostatnio z takim emerytem. Szcz\u0119\u015bcie, kt\u00f3re mia\u0142 wypisane na twarzy, odm\u0142odzi\u0142o go o 20 lat. Trajkota\u0142 jak zakochany. Zakochany w tym, \u017ce znowu b\u0119dzie pracowa\u0142. Cho\u0107 jest starszy ode mnie, wygl\u0105da\u0142 na m\u0142odszego. Mam nadziej\u0119, \u017ce podzieli si\u0119 u\u015bmiechem, i my wszyscy, kt\u00f3rzy z b\u00f3lem i strachem wracamy do szko\u0142y, te\u017c si\u0119 czasem u\u015bmiechniemy.<\/p>\n","protected":false},"excerpt":{"rendered":"<p>Emerytowani nauczyciele, kt\u00f3rym zaproponowano zatrudnienie w szkole, nie mog\u0105 doczeka\u0107 si\u0119 ko\u0144ca wakacji. Z rado\u015bci\u0105 poprowadziliby lekcje ju\u017c teraz. Nie s\u0105 wypaleni, wi\u0119c nie boj\u0105 si\u0119 pracy z uczniami. Co innego m\u0142odsi nauczyciele.<\/p>\n","protected":false},"author":1,"featured_media":0,"comment_status":"open","ping_status":"closed","sticky":false,"template":"","format":"standard","meta":{"footnotes":""},"categories":[1],"tags":[],"_links":{"self":[{"href":"https:\/\/blog.polityka.pl\/chetkowski\/wp-json\/wp\/v2\/posts\/14320"}],"collection":[{"href":"https:\/\/blog.polityka.pl\/chetkowski\/wp-json\/wp\/v2\/posts"}],"about":[{"href":"https:\/\/blog.polityka.pl\/chetkowski\/wp-json\/wp\/v2\/types\/post"}],"author":[{"embeddable":true,"href":"https:\/\/blog.polityka.pl\/chetkowski\/wp-json\/wp\/v2\/users\/1"}],"replies":[{"embeddable":true,"href":"https:\/\/blog.polityka.pl\/chetkowski\/wp-json\/wp\/v2\/comments?post=14320"}],"version-history":[{"count":2,"href":"https:\/\/blog.polityka.pl\/chetkowski\/wp-json\/wp\/v2\/posts\/14320\/revisions"}],"predecessor-version":[{"id":14322,"href":"https:\/\/blog.polityka.pl\/chetkowski\/wp-json\/wp\/v2\/posts\/14320\/revisions\/14322"}],"wp:attachment":[{"href":"https:\/\/blog.polityka.pl\/chetkowski\/wp-json\/wp\/v2\/media?parent=14320"}],"wp:term":[{"taxonomy":"category","embeddable":true,"href":"https:\/\/blog.polityka.pl\/chetkowski\/wp-json\/wp\/v2\/categories?post=14320"},{"taxonomy":"post_tag","embeddable":true,"href":"https:\/\/blog.polityka.pl\/chetkowski\/wp-json\/wp\/v2\/tags?post=14320"}],"curies":[{"name":"wp","href":"https:\/\/api.w.org\/{rel}","templated":true}]}}