
{"id":14325,"date":"2024-08-09T06:20:00","date_gmt":"2024-08-09T04:20:00","guid":{"rendered":"https:\/\/chetkowski.blog.polityka.pl\/?p=14325"},"modified":"2024-08-09T10:02:28","modified_gmt":"2024-08-09T08:02:28","slug":"edukacja-seksualna-moze-byc-obowiazkowa-co-na-to-rodzice","status":"publish","type":"post","link":"https:\/\/blog.polityka.pl\/chetkowski\/2024\/08\/09\/edukacja-seksualna-moze-byc-obowiazkowa-co-na-to-rodzice\/","title":{"rendered":"Edukacja seksualna mo\u017ce by\u0107 obowi\u0105zkowa. Co na to rodzice?"},"content":{"rendered":"\n<p>Trwaj\u0105 prace nad podstaw\u0105 programow\u0105 nowego przedmiotu: edukacji zdrowotnej. Jego cz\u0119\u015bci\u0105 ma by\u0107 edukacja seksualna. Eksperci zastanawiaj\u0105 si\u0119, czy przedmiot powinien by\u0107 obowi\u0105zkowy. Je\u015bli tak, wtedy obowi\u0105zkowe b\u0119d\u0105 te\u017c tre\u015bci dotycz\u0105ce aktywno\u015bci seksualnej. Niekt\u00f3rym rodzicom mo\u017ce si\u0119 to nie spodoba\u0107.<\/p>\n\n\n\n<!--more-->\n\n\n\n<p>Edukacja zdrowotna ma wej\u015b\u0107 do szk\u00f3\u0142 za rok (1 wrze\u015bnia 2025). Zast\u0105pi ona przedmiot wd\u017c (wychowanie do \u017cycia w rodzinie), kt\u00f3ry nie jest obowi\u0105zkowy. Zmieni si\u0119 nie tylko nazwa, ale przede wszystkim tre\u015b\u0107 przedmiotu. W wd\u017c w\u0142a\u015bciwie nie by\u0142o nic o seksie (kilka uwag, co b\u0119dzie po \u015blubie), natomiast w edukacji zdrowotnej ma znale\u017a\u0107 si\u0119 ca\u0142y dzia\u0142 po\u015bwi\u0119cony aktywno\u015bci seksualnej. Jest du\u017ce prawdopodobie\u0144stwo, \u017ce przedmiot b\u0119dzie obowi\u0105zkowy.\u00a0<\/p>\n\n\n\n<p>Planuje si\u0119 jedn\u0105 godzin\u0119 w tygodniu w klasach 4-8 szko\u0142y podstawowej, podobnie w szkole ponadpodstawowej. To ca\u0142kiem sporo. \u0141\u0105cznie da\u0142oby to 150 godzin w szkole podstawowej (30 godzin w ka\u017cdym roku), 120 w 4-letnim liceum (150 godzin w 5-letnim technikum). B\u0119dzie wi\u0119c wystarczaj\u0105co du\u017co czasu, aby o aktywno\u015bci seksualnej powiedzie\u0107 wszystko, co trzeba.<\/p>\n\n\n\n<p>Podobno rozwa\u017ca si\u0119, aby w roku, kiedy s\u0105 egzaminy (w \u00f3smej klasie podstaw\u00f3wki oraz w ostatniej klasie liceum, technikum i szko\u0142y bran\u017cowej), tego przedmiotu nie by\u0142o. \u017beby uczniowie nie my\u015bleli wtedy o seksie, tylko zaj\u0119li si\u0119 wy\u0142\u0105cznie nauk\u0105. To zapewne uk\u0142on w stron\u0119 rodzic\u00f3w, kt\u00f3rych niepokoi nowy przedmiot.<\/p>\n","protected":false},"excerpt":{"rendered":"<p>Trwaj\u0105 prace nad podstaw\u0105 programow\u0105 nowego przedmiotu: edukacji zdrowotnej. Jego cz\u0119\u015bci\u0105 ma by\u0107 edukacja seksualna. Eksperci zastanawiaj\u0105 si\u0119, czy przedmiot powinien by\u0107 obowi\u0105zkowy. Je\u015bli tak, wtedy obowi\u0105zkowe b\u0119d\u0105 te\u017c tre\u015bci dotycz\u0105ce aktywno\u015bci seksualnej. Niekt\u00f3rym rodzicom mo\u017ce si\u0119 to nie spodoba\u0107.<\/p>\n","protected":false},"author":1,"featured_media":12775,"comment_status":"open","ping_status":"closed","sticky":false,"template":"","format":"standard","meta":{"footnotes":""},"categories":[1],"tags":[],"_links":{"self":[{"href":"https:\/\/blog.polityka.pl\/chetkowski\/wp-json\/wp\/v2\/posts\/14325"}],"collection":[{"href":"https:\/\/blog.polityka.pl\/chetkowski\/wp-json\/wp\/v2\/posts"}],"about":[{"href":"https:\/\/blog.polityka.pl\/chetkowski\/wp-json\/wp\/v2\/types\/post"}],"author":[{"embeddable":true,"href":"https:\/\/blog.polityka.pl\/chetkowski\/wp-json\/wp\/v2\/users\/1"}],"replies":[{"embeddable":true,"href":"https:\/\/blog.polityka.pl\/chetkowski\/wp-json\/wp\/v2\/comments?post=14325"}],"version-history":[{"count":3,"href":"https:\/\/blog.polityka.pl\/chetkowski\/wp-json\/wp\/v2\/posts\/14325\/revisions"}],"predecessor-version":[{"id":14328,"href":"https:\/\/blog.polityka.pl\/chetkowski\/wp-json\/wp\/v2\/posts\/14325\/revisions\/14328"}],"wp:featuredmedia":[{"embeddable":true,"href":"https:\/\/blog.polityka.pl\/chetkowski\/wp-json\/wp\/v2\/media\/12775"}],"wp:attachment":[{"href":"https:\/\/blog.polityka.pl\/chetkowski\/wp-json\/wp\/v2\/media?parent=14325"}],"wp:term":[{"taxonomy":"category","embeddable":true,"href":"https:\/\/blog.polityka.pl\/chetkowski\/wp-json\/wp\/v2\/categories?post=14325"},{"taxonomy":"post_tag","embeddable":true,"href":"https:\/\/blog.polityka.pl\/chetkowski\/wp-json\/wp\/v2\/tags?post=14325"}],"curies":[{"name":"wp","href":"https:\/\/api.w.org\/{rel}","templated":true}]}}