
{"id":14330,"date":"2024-08-12T07:11:00","date_gmt":"2024-08-12T05:11:00","guid":{"rendered":"https:\/\/chetkowski.blog.polityka.pl\/?p=14330"},"modified":"2024-08-12T12:34:17","modified_gmt":"2024-08-12T10:34:17","slug":"podwyzki-dla-nauczycieli-najwczesniej-za-rok","status":"publish","type":"post","link":"https:\/\/blog.polityka.pl\/chetkowski\/2024\/08\/12\/podwyzki-dla-nauczycieli-najwczesniej-za-rok\/","title":{"rendered":"Podwy\u017cki dla nauczycieli najwcze\u015bniej za rok"},"content":{"rendered":"\n<p>Kto nie ma cierpliwo\u015bci, aby czeka\u0107 rok na podwy\u017ck\u0119 pensji, musi szuka\u0107 pracy poza szko\u0142\u0105. I wielu tak robi. Z og\u0142osze\u0144 publikowanych na stronach kuratori\u00f3w o\u015bwiaty wynika, \u017ce brakuje ponad 20 tysi\u0119cy nauczycieli.<\/p>\n\n\n\n<!--more-->\n\n\n\n<p>Zapewnienie, \u017ce o podwy\u017ckach dla nauczycieli mo\u017cna m\u00f3wi\u0107 najwcze\u015bniej od 1 wrze\u015bnia 2025 roku, przekaza\u0142a Barbara Nowacka. Znamy wi\u0119c prawdopodobn\u0105 dat\u0119, ale wci\u0105\u017c nie mamy poj\u0119cia o wysoko\u015bci podwy\u017cek. Zwi\u0105zkowcy domagaj\u0105 si\u0119 20 proc.<\/p>\n\n\n\n<p>Tegoroczne 30-proc. podwy\u017cki nie zahamowa\u0142y odej\u015b\u0107 z zawodu. Liczba wakat\u00f3w jest zbli\u017cona do tej z czas\u00f3w Przemys\u0142awa Czarnka, czyli sprzed podwy\u017cek. Albo by\u0142y za ma\u0142e, albo nauczycielom chodzi o co\u015b wi\u0119cej ni\u017c podwy\u017cki. Ministra edukacji m\u00f3wi o przywr\u00f3ceniu szacunku do zawodu nauczyciela, ale to cel raczej na lata. Tymczasem problem z wakatami jest teraz.<\/p>\n\n\n\n<p>Dyrektorzy zape\u0142niaj\u0105 wakaty, kim si\u0119 da. Albo zatrudniaj\u0105 nauczycieli, kt\u00f3rzy nie maj\u0105 kwalifikacji do nauczania danego przedmiotu lub posiadaj\u0105 kwalifikacje pozorne. Albo zatrudniaj\u0105 emeryt\u00f3w, albo daj\u0105 ju\u017c zatrudnionym nauczycielom du\u017co godzin ponad etat. Na niewykwalifikowanych nauczycieli b\u0119d\u0105 skargi, przeci\u0105\u017ceni nadmiarem godzin b\u0119d\u0105 cz\u0119\u015bciej chorowa\u0107, wi\u0119c rodzice te\u017c b\u0119d\u0105 niezadowoleni.\u00a0<\/p>\n\n\n\n<p>M\u0142odzi, pi\u0119kni i zdolni omijaj\u0105 szko\u0142y z daleka. Jak si\u0119 trafi jaki\u015b niestary nauczyciel, to wszyscy zastanawiaj\u0105 si\u0119, co z nim jest nie tak. Szczeg\u00f3lnie podejrzliwi s\u0105 uczniowie.&nbsp;<\/p>\n","protected":false},"excerpt":{"rendered":"<p>Kto nie ma cierpliwo\u015bci, aby czeka\u0107 rok na podwy\u017ck\u0119 pensji, musi szuka\u0107 pracy poza szko\u0142\u0105. I wielu tak robi. Z og\u0142osze\u0144 publikowanych na stronach kuratori\u00f3w o\u015bwiaty wynika, \u017ce brakuje ponad 20 tysi\u0119cy nauczycieli.<\/p>\n","protected":false},"author":1,"featured_media":13514,"comment_status":"open","ping_status":"closed","sticky":false,"template":"","format":"standard","meta":{"footnotes":""},"categories":[1],"tags":[],"_links":{"self":[{"href":"https:\/\/blog.polityka.pl\/chetkowski\/wp-json\/wp\/v2\/posts\/14330"}],"collection":[{"href":"https:\/\/blog.polityka.pl\/chetkowski\/wp-json\/wp\/v2\/posts"}],"about":[{"href":"https:\/\/blog.polityka.pl\/chetkowski\/wp-json\/wp\/v2\/types\/post"}],"author":[{"embeddable":true,"href":"https:\/\/blog.polityka.pl\/chetkowski\/wp-json\/wp\/v2\/users\/1"}],"replies":[{"embeddable":true,"href":"https:\/\/blog.polityka.pl\/chetkowski\/wp-json\/wp\/v2\/comments?post=14330"}],"version-history":[{"count":3,"href":"https:\/\/blog.polityka.pl\/chetkowski\/wp-json\/wp\/v2\/posts\/14330\/revisions"}],"predecessor-version":[{"id":14333,"href":"https:\/\/blog.polityka.pl\/chetkowski\/wp-json\/wp\/v2\/posts\/14330\/revisions\/14333"}],"wp:featuredmedia":[{"embeddable":true,"href":"https:\/\/blog.polityka.pl\/chetkowski\/wp-json\/wp\/v2\/media\/13514"}],"wp:attachment":[{"href":"https:\/\/blog.polityka.pl\/chetkowski\/wp-json\/wp\/v2\/media?parent=14330"}],"wp:term":[{"taxonomy":"category","embeddable":true,"href":"https:\/\/blog.polityka.pl\/chetkowski\/wp-json\/wp\/v2\/categories?post=14330"},{"taxonomy":"post_tag","embeddable":true,"href":"https:\/\/blog.polityka.pl\/chetkowski\/wp-json\/wp\/v2\/tags?post=14330"}],"curies":[{"name":"wp","href":"https:\/\/api.w.org\/{rel}","templated":true}]}}