
{"id":14391,"date":"2024-09-16T16:09:31","date_gmt":"2024-09-16T14:09:31","guid":{"rendered":"https:\/\/chetkowski.blog.polityka.pl\/?p=14391"},"modified":"2024-09-16T17:49:28","modified_gmt":"2024-09-16T15:49:28","slug":"lubnauer-straszy-maturzystow","status":"publish","type":"post","link":"https:\/\/blog.polityka.pl\/chetkowski\/2024\/09\/16\/lubnauer-straszy-maturzystow\/","title":{"rendered":"Lubnauer straszy maturzyst\u00f3w"},"content":{"rendered":"\n<p>Niez\u0142ego stracha nap\u0119dzi\u0142a nastolatkom wiceministra edukacji. Na Salonie Maturzyst\u00f3w w \u0141odzi o\u015bwiadczy\u0142a, \u017ce z przedmiotu zdawanego na poziomie rozszerzonym obowi\u0105zuje pr\u00f3g 30 proc. Ca\u0142a sala zamar\u0142a.<\/p>\n\n\n\n<!--more-->\n\n\n\n<p>Katarzyna Lubnauer wyja\u015bni\u0142a, \u017ce w tym roku przesta\u0142o obowi\u0105zywa\u0107 prawo, i\u017c 0 proc. z rozszerzenia zalicza. Eksperci wci\u0105\u017c debatuj\u0105, czy przed\u0142u\u017cy\u0107 ten przywilej na kolejne dwa lata. Na razie decyzji nie podj\u0119li, zatem obowi\u0105zuje pr\u00f3g 30 proc. Mo\u017ce si\u0119 to zmieni, a mo\u017ce nie.<\/p>\n\n\n\n<p>Zapad\u0142a grobowa cisza, natomiast wiceministra dobrze si\u0119 bawi\u0142a. Bardzo \u017ale si\u0119 bawi\u0142a, gdy\u017c kosztem nastolatk\u00f3w. Nie jestem zwolennikiem przywileju, \u017ce na rozszerzony egzamin wystarczy przyj\u015b\u0107, a matur\u0119 zalicza ju\u017c zero, jednak nie akceptuj\u0119 trzymania ludzi w niepewno\u015bci.&nbsp;<\/p>\n\n\n\n<p>Uczniowie i uczennice powinni wiedzie\u0107, jaka b\u0119dzie ich matura, na pocz\u0105tku nauki w liceum czy w technikum, czyli na 4-5 lat przed egzaminami. Wychodzi na to, \u017ce nie wiedz\u0105 na kilka miesi\u0119cy przed matur\u0105 (do pierwszych dni maja zosta\u0142o siedem i p\u00f3\u0142 miesi\u0105ca). Niepoj\u0119te jest, \u017ce rz\u0105d funduje nastolatkom tak\u0105 hu\u015btawk\u0119 nastroj\u00f3w.&nbsp;<\/p>\n\n\n\n<p>Informator opublikowany kilkana\u015bcie dni temu przez CKE wyra\u017anie m\u00f3wi o progu 30 proc. z przedmiotu rozszerzonego, a Lubnauer daje nadziej\u0119, \u017ce jednak mo\u017ce by\u0107 zero. Kogo trzeba kopn\u0105\u0107 w ty\u0142ek, \u017ceby ministerstwo si\u0119 wreszcie zdecydowa\u0142o?<\/p>\n\n\n\n<p>Szczeg\u00f3\u0142y o wyst\u0105pieniu Katarzyny Lubnauer na Salonie Maturzyst\u00f3w w \u0141odzi <a href=\"https:\/\/perspektywy.pl\/portal\/index.php?option=com_content&amp;view=article&amp;id=10007:katarzyna-lubnauer-przyszlosc-nalezy-do-ludzi-z-pasja&amp;catid=24&amp;Itemid=119\">tutaj<\/a>.<\/p>\n","protected":false},"excerpt":{"rendered":"<p>Niez\u0142ego stracha nap\u0119dzi\u0142a nastolatkom wiceministra edukacji. Na Salonie Maturzyst\u00f3w w \u0141odzi o\u015bwiadczy\u0142a, \u017ce z przedmiotu zdawanego na poziomie rozszerzonym obowi\u0105zuje pr\u00f3g 30 proc. Ca\u0142a sala zamar\u0142a.<\/p>\n","protected":false},"author":1,"featured_media":14395,"comment_status":"open","ping_status":"closed","sticky":false,"template":"","format":"standard","meta":{"footnotes":""},"categories":[1],"tags":[],"_links":{"self":[{"href":"https:\/\/blog.polityka.pl\/chetkowski\/wp-json\/wp\/v2\/posts\/14391"}],"collection":[{"href":"https:\/\/blog.polityka.pl\/chetkowski\/wp-json\/wp\/v2\/posts"}],"about":[{"href":"https:\/\/blog.polityka.pl\/chetkowski\/wp-json\/wp\/v2\/types\/post"}],"author":[{"embeddable":true,"href":"https:\/\/blog.polityka.pl\/chetkowski\/wp-json\/wp\/v2\/users\/1"}],"replies":[{"embeddable":true,"href":"https:\/\/blog.polityka.pl\/chetkowski\/wp-json\/wp\/v2\/comments?post=14391"}],"version-history":[{"count":3,"href":"https:\/\/blog.polityka.pl\/chetkowski\/wp-json\/wp\/v2\/posts\/14391\/revisions"}],"predecessor-version":[{"id":14394,"href":"https:\/\/blog.polityka.pl\/chetkowski\/wp-json\/wp\/v2\/posts\/14391\/revisions\/14394"}],"wp:featuredmedia":[{"embeddable":true,"href":"https:\/\/blog.polityka.pl\/chetkowski\/wp-json\/wp\/v2\/media\/14395"}],"wp:attachment":[{"href":"https:\/\/blog.polityka.pl\/chetkowski\/wp-json\/wp\/v2\/media?parent=14391"}],"wp:term":[{"taxonomy":"category","embeddable":true,"href":"https:\/\/blog.polityka.pl\/chetkowski\/wp-json\/wp\/v2\/categories?post=14391"},{"taxonomy":"post_tag","embeddable":true,"href":"https:\/\/blog.polityka.pl\/chetkowski\/wp-json\/wp\/v2\/tags?post=14391"}],"curies":[{"name":"wp","href":"https:\/\/api.w.org\/{rel}","templated":true}]}}