
{"id":14396,"date":"2024-09-17T15:07:33","date_gmt":"2024-09-17T13:07:33","guid":{"rendered":"https:\/\/chetkowski.blog.polityka.pl\/?p=14396"},"modified":"2024-09-17T19:45:49","modified_gmt":"2024-09-17T17:45:49","slug":"patriotyzm-historyczny-kto-powinien-uczyc-edukacji-obywatelskiej","status":"publish","type":"post","link":"https:\/\/blog.polityka.pl\/chetkowski\/2024\/09\/17\/patriotyzm-historyczny-kto-powinien-uczyc-edukacji-obywatelskiej\/","title":{"rendered":"Patriotyzm historyczny. Kto powinien uczy\u0107 edukacji obywatelskiej?"},"content":{"rendered":"\n<p>Katarzyna Lubnauer oznajmi\u0142a, i\u017c jest ju\u017c gotowy projekt podstawy programowej przedmiotu edukacja obywatelska. Mo\u017cna zg\u0142asza\u0107 uwagi do projektu, dlatego zg\u0142aszam. Dlaczego prawo do nauczania tego przedmiotu, kt\u00f3rego podstaw\u0105 jest krzewienie patriotyzmu, kultury spo\u0142ecznej i obywatelskiego ducha, b\u0119d\u0105 mieli jedynie historycy, a nie wszyscy nauczyciele?<\/p>\n\n\n\n<!--more-->\n\n\n\n<p>Edukacj\u0119 obywatelsk\u0105 oddano w r\u0119ce historyk\u00f3w (tak\u017ce nauczycieli wiedzy o spo\u0142ecze\u0144stwie oraz historii i tera\u017aniejszo\u015bci, czyli te\u017c historyk\u00f3w), jakby obywatelsko\u015bci mogli uczy\u0107 tylko znawcy dziej\u00f3w. Przejrza\u0142em podstaw\u0119 programow\u0105 i nie znalaz\u0142em w niej niczego, z czym nie poradzi\u0142by sobie ka\u017cdy nauczyciel, kt\u00f3ry ma w sobie odrobin\u0119 pasji obywatelskiej (projekt podstawy <a href=\"https:\/\/www.gov.pl\/web\/edukacja\/prezentacja-roboczego-projektu-podstaw-programowych-przedmiotu-edukacja-obywatelska\">tutaj<\/a>).<\/p>\n\n\n\n<p>Przydzielenie edukacji obywatelskiej wy\u0142\u0105cznie historykom wyko\u015blawia ten przedmiot. Podobnie jak przydzielenie edukacji zdrowotnej biologom. O zdrowiu cz\u0142owieka znacznie wi\u0119ksze poj\u0119cie ma nauczyciel wychowania fizycznego ni\u017c biolog. No chyba \u017ce uznamy, i\u017c potrzeby zdrowotne cz\u0142owieka s\u0105 zbli\u017cone do potrzeb pantofelka albo \u017caby.<\/p>\n\n\n\n<p>Nie lekcewa\u017c\u0119 umiej\u0119tno\u015bci historyk\u00f3w czy biolog\u00f3w, chc\u0119 tylko powiedzie\u0107, \u017ce pewne przedmioty powinny by\u0107 w r\u0119kach wszystkich nauczycieli. Dop\u00f3ki b\u0119dziemy my\u015bleli, \u017ce na patriotyzmie zna si\u0119 tylko historyk, a geograf, polonista czy chemik ani troch\u0119, b\u0119dziemy uczyli teorii. Rzeczywi\u015bcie historyk mo\u017ce by\u0107 mistrzem w uczeniu definicji, dat oraz opisywaniu przyczyn i skutk\u00f3w dawnych zjawisk, natomiast w praktyce nie przewy\u017csza nauczycieli innych przedmiot\u00f3w. Je\u015bli chcemy uczy\u0107 praktyki, a nie teorii, nale\u017cy odda\u0107 ten przedmiot wszystkim nauczycielom. Niech si\u0119 wyka\u017c\u0105 przed uczniami.<\/p>\n\n\n\n<p>W Polsce sztuki pisania ucz\u0105 tylko poloni\u015bci, patriotyzmu historycy \u2013 skutek ka\u017cdy widzi. Dlatego prosz\u0119 w\u0142adze MEN o przemy\u015blenie tej decyzji.<\/p>\n","protected":false},"excerpt":{"rendered":"<p>Katarzyna Lubnauer oznajmi\u0142a, i\u017c jest ju\u017c gotowy projekt podstawy programowej przedmiotu edukacja obywatelska. Mo\u017cna zg\u0142asza\u0107 uwagi do projektu, dlatego zg\u0142aszam. Dlaczego prawo do nauczania tego przedmiotu, kt\u00f3rego podstaw\u0105 jest krzewienie patriotyzmu, kultury spo\u0142ecznej i obywatelskiego ducha, b\u0119d\u0105 mieli jedynie historycy, a nie wszyscy nauczyciele?<\/p>\n","protected":false},"author":1,"featured_media":12976,"comment_status":"open","ping_status":"closed","sticky":false,"template":"","format":"standard","meta":{"footnotes":""},"categories":[1],"tags":[],"_links":{"self":[{"href":"https:\/\/blog.polityka.pl\/chetkowski\/wp-json\/wp\/v2\/posts\/14396"}],"collection":[{"href":"https:\/\/blog.polityka.pl\/chetkowski\/wp-json\/wp\/v2\/posts"}],"about":[{"href":"https:\/\/blog.polityka.pl\/chetkowski\/wp-json\/wp\/v2\/types\/post"}],"author":[{"embeddable":true,"href":"https:\/\/blog.polityka.pl\/chetkowski\/wp-json\/wp\/v2\/users\/1"}],"replies":[{"embeddable":true,"href":"https:\/\/blog.polityka.pl\/chetkowski\/wp-json\/wp\/v2\/comments?post=14396"}],"version-history":[{"count":2,"href":"https:\/\/blog.polityka.pl\/chetkowski\/wp-json\/wp\/v2\/posts\/14396\/revisions"}],"predecessor-version":[{"id":14398,"href":"https:\/\/blog.polityka.pl\/chetkowski\/wp-json\/wp\/v2\/posts\/14396\/revisions\/14398"}],"wp:featuredmedia":[{"embeddable":true,"href":"https:\/\/blog.polityka.pl\/chetkowski\/wp-json\/wp\/v2\/media\/12976"}],"wp:attachment":[{"href":"https:\/\/blog.polityka.pl\/chetkowski\/wp-json\/wp\/v2\/media?parent=14396"}],"wp:term":[{"taxonomy":"category","embeddable":true,"href":"https:\/\/blog.polityka.pl\/chetkowski\/wp-json\/wp\/v2\/categories?post=14396"},{"taxonomy":"post_tag","embeddable":true,"href":"https:\/\/blog.polityka.pl\/chetkowski\/wp-json\/wp\/v2\/tags?post=14396"}],"curies":[{"name":"wp","href":"https:\/\/api.w.org\/{rel}","templated":true}]}}