
{"id":14407,"date":"2024-09-24T17:21:10","date_gmt":"2024-09-24T15:21:10","guid":{"rendered":"https:\/\/chetkowski.blog.polityka.pl\/?p=14407"},"modified":"2024-09-25T14:50:06","modified_gmt":"2024-09-25T12:50:06","slug":"nauczyciele-moga-uczyc-jak-chca","status":"publish","type":"post","link":"https:\/\/blog.polityka.pl\/chetkowski\/2024\/09\/24\/nauczyciele-moga-uczyc-jak-chca\/","title":{"rendered":"Nauczyciele mog\u0105 uczy\u0107, jak chc\u0105"},"content":{"rendered":"\n<p>Barbara Nowacka zapewni\u0142a, \u017ce nauczyciele maj\u0105 pe\u0142n\u0105 autonomi\u0119 i mog\u0105 uczy\u0107 przedmiotu zgodnie z w\u0142asnym uznaniem. Oczywi\u015bcie w ramach podstawy programowej.<\/p>\n\n\n\n<!--more-->\n\n\n\n<p>Ministra edukacji powiedzia\u0142a te s\u0142owa podczas konferencji \u201eJak uczy\u0107 najnowszej historii Polski? Dylematy\u201d (szczeg\u00f3\u0142y <a href=\"https:\/\/www.gov.pl\/web\/edukacja\/jak-uczyc-najnowszej-historii-polski-dylematy--konferencja-edukacyjna-w-senacie-rp\">tutaj<\/a>). Nauczyciele mog\u0105 uczy\u0107 po swojemu. Ich widzimisi\u0119 jest ograniczone. Musz\u0105 bowiem uczy\u0107 zgodnie z zasadami wsp\u00f3\u0142czesnej pedagogiki, czyli nie r\u00f3zg\u0105 i kijem. Nie mog\u0105 \u0142ama\u0107 prawa. Nie wolno im te\u017c uprawia\u0107 polityki. Poza tym s\u0105 wolni.<\/p>\n\n\n\n<p>Ta wolno\u015b\u0107 w stosowaniu metod, kt\u00f3re nauczyciel uznaje za s\u0142uszne, jest stale naruszana w szkole. Prze\u017cy\u0142em kilku dyrektor\u00f3w i nie przypominam sobie, aby kt\u00f3ry\u015b szanowa\u0142 prawo nauczycieli do wolno\u015bci. Zwykle oczekiwali, \u017ce pracownicy b\u0119d\u0105 tak uczy\u0107, jak dyrektor lubi. Otwarcie informowali, \u017ce podczas hospitacji sprawdz\u0105 wskazan\u0105 metod\u0119. Jeden lubi\u0142 dram\u0119, inny ceni\u0142 tylko projekty, kolejny prac\u0119 w grupach.<\/p>\n\n\n\n<p>Trzymam wi\u0119c ministr\u0119 za s\u0142owo, \u017ce mog\u0119 uczy\u0107 tak, jak chc\u0119. Ja najbardziej lubi\u0119 wej\u015b\u0107 do sali, usi\u0105\u015b\u0107 z ty\u0142u i patrze\u0107, jak uczniowie realizuj\u0105 temat z listy, kt\u00f3r\u0105 poda\u0142em wcze\u015bniej. Nie wtr\u0105cam si\u0119 do tego, co robi\u0105, tylko obserwuj\u0119. W skrajnych przypadkach interweniuj\u0119, uzupe\u0142niam, prostuj\u0119, wyja\u015bniam. Rzadko stosuj\u0119 t\u0119 metod\u0119, gdy\u017c dyrektorzy sugerowali inne metody jako lepsze. Ale jeszcze do niej wr\u00f3c\u0119 \u2013 kto mi zabroni?<\/p>\n","protected":false},"excerpt":{"rendered":"<p>Barbara Nowacka zapewni\u0142a, \u017ce nauczyciele maj\u0105 pe\u0142n\u0105 autonomi\u0119 i mog\u0105 uczy\u0107 przedmiotu zgodnie z w\u0142asnym uznaniem. Oczywi\u015bcie w ramach podstawy programowej.<\/p>\n","protected":false},"author":1,"featured_media":12765,"comment_status":"open","ping_status":"closed","sticky":false,"template":"","format":"standard","meta":{"footnotes":""},"categories":[1],"tags":[],"_links":{"self":[{"href":"https:\/\/blog.polityka.pl\/chetkowski\/wp-json\/wp\/v2\/posts\/14407"}],"collection":[{"href":"https:\/\/blog.polityka.pl\/chetkowski\/wp-json\/wp\/v2\/posts"}],"about":[{"href":"https:\/\/blog.polityka.pl\/chetkowski\/wp-json\/wp\/v2\/types\/post"}],"author":[{"embeddable":true,"href":"https:\/\/blog.polityka.pl\/chetkowski\/wp-json\/wp\/v2\/users\/1"}],"replies":[{"embeddable":true,"href":"https:\/\/blog.polityka.pl\/chetkowski\/wp-json\/wp\/v2\/comments?post=14407"}],"version-history":[{"count":2,"href":"https:\/\/blog.polityka.pl\/chetkowski\/wp-json\/wp\/v2\/posts\/14407\/revisions"}],"predecessor-version":[{"id":14409,"href":"https:\/\/blog.polityka.pl\/chetkowski\/wp-json\/wp\/v2\/posts\/14407\/revisions\/14409"}],"wp:featuredmedia":[{"embeddable":true,"href":"https:\/\/blog.polityka.pl\/chetkowski\/wp-json\/wp\/v2\/media\/12765"}],"wp:attachment":[{"href":"https:\/\/blog.polityka.pl\/chetkowski\/wp-json\/wp\/v2\/media?parent=14407"}],"wp:term":[{"taxonomy":"category","embeddable":true,"href":"https:\/\/blog.polityka.pl\/chetkowski\/wp-json\/wp\/v2\/categories?post=14407"},{"taxonomy":"post_tag","embeddable":true,"href":"https:\/\/blog.polityka.pl\/chetkowski\/wp-json\/wp\/v2\/tags?post=14407"}],"curies":[{"name":"wp","href":"https:\/\/api.w.org\/{rel}","templated":true}]}}