
{"id":14414,"date":"2024-09-26T18:18:31","date_gmt":"2024-09-26T16:18:31","guid":{"rendered":"https:\/\/chetkowski.blog.polityka.pl\/?p=14414"},"modified":"2024-09-26T18:18:31","modified_gmt":"2024-09-26T16:18:31","slug":"zaskakujaca-decyzja-znp-sa-sprawy-wazniejsze-niz-podwyzki-dla-nauczycieli","status":"publish","type":"post","link":"https:\/\/blog.polityka.pl\/chetkowski\/2024\/09\/26\/zaskakujaca-decyzja-znp-sa-sprawy-wazniejsze-niz-podwyzki-dla-nauczycieli\/","title":{"rendered":"Zaskakuj\u0105ca decyzja ZNP. S\u0105 sprawy wa\u017cniejsze ni\u017c podwy\u017cki dla nauczycieli"},"content":{"rendered":"\n<p>ZNP nie wycofuje si\u0119 z walki o wy\u017csze wynagrodzenia dla nauczycieli, a jedynie zawiesza dzia\u0142ania. Teraz najwa\u017cniejsza jest pomoc dla ludzi dotkni\u0119tych skutkami powodzi.<\/p>\n\n\n\n<!--more-->\n\n\n\n<p>To pi\u0119kny gest ze strony zwi\u0105zkowc\u00f3w, ale kontrowersyjny. Inne nauczycielskie zwi\u0105zki nie zamierzaj\u0105 niczego zawiesza\u0107, gdy\u017c kwesti\u0119 podwy\u017cek traktuj\u0105 jako odr\u0119bny temat. Wzywaj\u0105 wi\u0119c rz\u0105d do pilnych rozm\u00f3w w sprawie wy\u017cszych wynagrodze\u0144 dla nauczycieli i nie uwa\u017caj\u0105, aby to utrudnia\u0142o rz\u0105dowi w pomaganiu powodzianom (szczeg\u00f3\u0142y <a href=\"https:\/\/strefaedukacji.pl\/znp-zawiesza-walke-o-podwyzki-sa-inne-priorytety\/ar\/c5-18833203\">tutaj<\/a>).<\/p>\n\n\n\n<p>ZNP daje przyk\u0142ad reprezentantom innych grup zawodowych. R\u00f3wnie\u017c oni powinni nie zawraca\u0107 rz\u0105dowi g\u0142owy podwy\u017ckami. Czego\u015b takiego jeszcze nie by\u0142o. Chocia\u017c niezupe\u0142nie. Jak umar\u0142 Jan Pawe\u0142 II, to te\u017c dano sobie na wstrzymanie w r\u00f3\u017cnych pilnych sprawach. Ale potem wr\u00f3cono do nich z jeszcze wi\u0119ksz\u0105 energi\u0105.<\/p>\n","protected":false},"excerpt":{"rendered":"<p>ZNP nie wycofuje si\u0119 z walki o wy\u017csze wynagrodzenia dla nauczycieli, a jedynie zawiesza dzia\u0142ania. Teraz najwa\u017cniejsza jest pomoc dla ludzi dotkni\u0119tych skutkami powodzi.<\/p>\n","protected":false},"author":1,"featured_media":0,"comment_status":"open","ping_status":"closed","sticky":false,"template":"","format":"standard","meta":{"footnotes":""},"categories":[1],"tags":[],"_links":{"self":[{"href":"https:\/\/blog.polityka.pl\/chetkowski\/wp-json\/wp\/v2\/posts\/14414"}],"collection":[{"href":"https:\/\/blog.polityka.pl\/chetkowski\/wp-json\/wp\/v2\/posts"}],"about":[{"href":"https:\/\/blog.polityka.pl\/chetkowski\/wp-json\/wp\/v2\/types\/post"}],"author":[{"embeddable":true,"href":"https:\/\/blog.polityka.pl\/chetkowski\/wp-json\/wp\/v2\/users\/1"}],"replies":[{"embeddable":true,"href":"https:\/\/blog.polityka.pl\/chetkowski\/wp-json\/wp\/v2\/comments?post=14414"}],"version-history":[{"count":2,"href":"https:\/\/blog.polityka.pl\/chetkowski\/wp-json\/wp\/v2\/posts\/14414\/revisions"}],"predecessor-version":[{"id":14416,"href":"https:\/\/blog.polityka.pl\/chetkowski\/wp-json\/wp\/v2\/posts\/14414\/revisions\/14416"}],"wp:attachment":[{"href":"https:\/\/blog.polityka.pl\/chetkowski\/wp-json\/wp\/v2\/media?parent=14414"}],"wp:term":[{"taxonomy":"category","embeddable":true,"href":"https:\/\/blog.polityka.pl\/chetkowski\/wp-json\/wp\/v2\/categories?post=14414"},{"taxonomy":"post_tag","embeddable":true,"href":"https:\/\/blog.polityka.pl\/chetkowski\/wp-json\/wp\/v2\/tags?post=14414"}],"curies":[{"name":"wp","href":"https:\/\/api.w.org\/{rel}","templated":true}]}}