
{"id":14417,"date":"2024-09-30T18:07:27","date_gmt":"2024-09-30T16:07:27","guid":{"rendered":"https:\/\/chetkowski.blog.polityka.pl\/?p=14417"},"modified":"2024-09-30T21:10:17","modified_gmt":"2024-09-30T19:10:17","slug":"co-jest-najwazniejsze-dla-uczestnikow-sejmu-dzieci-i-mlodziezy-na-pewno-nie-bog-honor-i-ojczyzna","status":"publish","type":"post","link":"https:\/\/blog.polityka.pl\/chetkowski\/2024\/09\/30\/co-jest-najwazniejsze-dla-uczestnikow-sejmu-dzieci-i-mlodziezy-na-pewno-nie-bog-honor-i-ojczyzna\/","title":{"rendered":"Co jest najwa\u017cniejsze dla Sejmu Dzieci i M\u0142odzie\u017cy? Na pewno nie B\u00f3g, honor i ojczyzna"},"content":{"rendered":"\n<p>W tym roku uczestnicy obrad Sejmu Dzieci i M\u0142odzie\u017cy sami sobie wybrali tematy do dyskusji. W poprzednich latach by\u0142y one narzucone przez w\u0142adz\u0119. R\u00f3\u017cnica jest kolosalna.<\/p>\n\n\n\n<!--more-->\n\n\n\n<p>W 2023 m\u0142odzi dyskutowali na temat: \u201eZgin\u0105\u0107, ale z honorem. Bohaterska walka \u017cydowskich organizacji bojowych z Niemcami z perspektywy 80 lat \u2013 o ludzki, spo\u0142eczny i narodowy honor oraz godno\u015b\u0107, na przyk\u0142adzie powstania w getcie warszawskim\u201d.&nbsp;<\/p>\n\n\n\n<p>W 2022: \u201eJakie idea\u0142y \u017co\u0142nierzy Armii Krajowej i Narodowych Si\u0142 Zbrojnych przetrwa\u0142y i odnios\u0142y zwyci\u0119stwo? Kt\u00f3re z tych warto\u015bci s\u0105 dla Ciebie wa\u017cne? Przedstaw na przyk\u0142adzie wybranego bohatera lub bohaterki\u201d.<\/p>\n\n\n\n<p>W 2021 temat przewodni obrad SDiM brzmia\u0142: \u201e\u015aladami kardyna\u0142a Stefana Wyszy\u0144skiego \u2013 w poszukiwaniu drogowskaz\u00f3w we wsp\u00f3\u0142czesnym \u015bwiecie wed\u0142ug warto\u015bci i idea\u0142\u00f3w Prymasa Tysi\u0105clecia\u201d.<\/p>\n\n\n\n<p>W 2020 sesja zosta\u0142a odwo\u0142ana z powodu pandemii.<\/p>\n\n\n\n<p>W 2019 w\u0142adza narzuci\u0142a nastolatkom temat: \u201eLosy parlamentarzyst\u00f3w II RP podczas okupacji\u201d.<\/p>\n\n\n\n<p>W 2018: \u201ePos\u0142owie pierwszego Sejmu Niepodleg\u0142ej\u201d. Celem obrad by\u0142o kszta\u0142towanie postaw patriotycznych.<\/p>\n\n\n\n<p>W 2017 dyskutowano o dekomunizacji. Dzieci zajmowa\u0142y si\u0119 problemem zagro\u017ce\u0144 zwi\u0105zanych z propagowaniem komunizmu.<\/p>\n\n\n\n<p>Co by\u0142o wcze\u015bniej, nie b\u0119d\u0119 ju\u017c sprawdza\u0142, gdy\u017c nie chc\u0119 si\u0119 denerwowa\u0107. Dopiero w tym roku w\u0142adza wpad\u0142a na pomys\u0142, \u017ce zapyta uczni\u00f3w i uczennice, o czym chc\u0105 dyskutowa\u0107. Okaza\u0142o si\u0119, \u017ce o wszystkim, tylko nie o patriotyzmie, honorowej \u015bmierci, tropieniu komunist\u00f3w i s\u0142u\u017ceniu Bogu!<\/p>\n\n\n\n<p>M\u0142odzie\u017c wybra\u0142a nast\u0119puj\u0105ce tematy: zdrowie psychiczne, hejtowanie w internecie i w szkole, ochron\u0119 klimatu, prawa zwierz\u0105t, rozwijanie swoich pasji, nowoczesn\u0105 szko\u0142\u0119, wsparcie w wyborze \u015bcie\u017cki \u017cyciowej i zawodowej. Szcz\u0119ka opada!<\/p>\n\n\n\n<p>Szczeg\u00f3\u0142y tegorocznych obrad w <a href=\"https:\/\/www.gov.pl\/web\/edukacja\/xxx-sesja-sejmu-dzieci-i-mlodziezy\">aktualno\u015bciach MEN<\/a> i <a href=\"https:\/\/i.pl\/xxx-sesja-sejmu-dzieci-i-mlodziezy-o-czym-debatowali-mlodzi-poslowie\/ar\/c1-18844555\">tutaj<\/a>.<\/p>\n","protected":false},"excerpt":{"rendered":"<p>W tym roku uczestnicy obrad Sejmu Dzieci i M\u0142odzie\u017cy sami sobie wybrali tematy do dyskusji. W poprzednich latach by\u0142y one narzucone przez w\u0142adz\u0119. R\u00f3\u017cnica jest kolosalna.<\/p>\n","protected":false},"author":1,"featured_media":0,"comment_status":"open","ping_status":"closed","sticky":false,"template":"","format":"standard","meta":{"footnotes":""},"categories":[1],"tags":[],"_links":{"self":[{"href":"https:\/\/blog.polityka.pl\/chetkowski\/wp-json\/wp\/v2\/posts\/14417"}],"collection":[{"href":"https:\/\/blog.polityka.pl\/chetkowski\/wp-json\/wp\/v2\/posts"}],"about":[{"href":"https:\/\/blog.polityka.pl\/chetkowski\/wp-json\/wp\/v2\/types\/post"}],"author":[{"embeddable":true,"href":"https:\/\/blog.polityka.pl\/chetkowski\/wp-json\/wp\/v2\/users\/1"}],"replies":[{"embeddable":true,"href":"https:\/\/blog.polityka.pl\/chetkowski\/wp-json\/wp\/v2\/comments?post=14417"}],"version-history":[{"count":5,"href":"https:\/\/blog.polityka.pl\/chetkowski\/wp-json\/wp\/v2\/posts\/14417\/revisions"}],"predecessor-version":[{"id":14422,"href":"https:\/\/blog.polityka.pl\/chetkowski\/wp-json\/wp\/v2\/posts\/14417\/revisions\/14422"}],"wp:attachment":[{"href":"https:\/\/blog.polityka.pl\/chetkowski\/wp-json\/wp\/v2\/media?parent=14417"}],"wp:term":[{"taxonomy":"category","embeddable":true,"href":"https:\/\/blog.polityka.pl\/chetkowski\/wp-json\/wp\/v2\/categories?post=14417"},{"taxonomy":"post_tag","embeddable":true,"href":"https:\/\/blog.polityka.pl\/chetkowski\/wp-json\/wp\/v2\/tags?post=14417"}],"curies":[{"name":"wp","href":"https:\/\/api.w.org\/{rel}","templated":true}]}}