
{"id":14423,"date":"2024-10-02T13:31:49","date_gmt":"2024-10-02T11:31:49","guid":{"rendered":"https:\/\/chetkowski.blog.polityka.pl\/?p=14423"},"modified":"2024-10-02T14:25:07","modified_gmt":"2024-10-02T12:25:07","slug":"koniec-wladzy-biskupow-nad-szkolami","status":"publish","type":"post","link":"https:\/\/blog.polityka.pl\/chetkowski\/2024\/10\/02\/koniec-wladzy-biskupow-nad-szkolami\/","title":{"rendered":"Koniec w\u0142adzy biskup\u00f3w nad szko\u0142ami"},"content":{"rendered":"\n<p>Nie uda\u0142o si\u0119 obecnemu rz\u0105dowi usun\u0105\u0107 religii ze szk\u00f3\u0142, ale jest szansa, \u017ce b\u0119dzie mniej lekcji tego przedmiotu. Jedna godzina w tygodniu zamiast dw\u00f3ch. Barbara Nowacka skierowa\u0142a do konsultacji projekt ustawy, kt\u00f3ry reguluje t\u0119 spraw\u0119. Nie spodoba si\u0119 to ko\u015bcielnym hierarchom oraz katechetom.<\/p>\n\n\n\n<!--more-->\n\n\n\n<p>W niekt\u00f3rych szko\u0142ach ju\u017c teraz uczniowie maj\u0105 tylko jedn\u0105 lekcj\u0119 religii. Nie wynika to jednak z ustawy, lecz z dobrej woli biskupa. Jak dyrektor dobrze poprosi, mo\u017ce tak\u0105 zgod\u0119 otrzyma\u0107. Bywa jednak, \u017ce pro\u015bby nic nie daj\u0105 i szko\u0142a musi organizowa\u0107 dwie lekcje tego przedmiotu.<\/p>\n\n\n\n<p>Ucz\u0119 w dw\u00f3ch szko\u0142ach, kt\u00f3re s\u0105 oddalone od siebie o rzut beretem. W jednej uczniowie maj\u0105 dwie lekcje religii, a w drugiej tylko jedn\u0105 w tygodniu. Widocznie biskup mia\u0142 tak\u0105 fanaberi\u0119, \u017ce jednemu dyrektorowi poszed\u0142 na r\u0119k\u0119, a drugiemu odm\u00f3wi\u0142. Barbara Nowacka chce odebra\u0107 biskupom w\u0142adz\u0119, jak\u0105 maj\u0105 nad szko\u0142ami. Od 1 wrze\u015bnia 2025 zgoda biskupa nie b\u0119dzie potrzebna.&nbsp;<\/p>\n\n\n\n<p>Info o projekcie ustawy i konsultacjach spo\u0142ecznych <a href=\"https:\/\/www.gov.pl\/web\/edukacja\/projekt-rozporzadzenia-ministra-edukacji-ws-sposobu-organizowania-nauki-religii-w-szkolach-skierowany-do-konsultacji-spolecznych\">tutaj<\/a>.<\/p>\n","protected":false},"excerpt":{"rendered":"<p>Nie uda\u0142o si\u0119 obecnemu rz\u0105dowi usun\u0105\u0107 religii ze szk\u00f3\u0142, ale jest szansa, \u017ce b\u0119dzie mniej lekcji tego przedmiotu. Jedna godzina w tygodniu zamiast dw\u00f3ch. Barbara Nowacka skierowa\u0142a do konsultacji projekt ustawy, kt\u00f3ry reguluje t\u0119 spraw\u0119. Nie spodoba si\u0119 to ko\u015bcielnym hierarchom oraz katechetom.<\/p>\n","protected":false},"author":1,"featured_media":12937,"comment_status":"open","ping_status":"closed","sticky":false,"template":"","format":"standard","meta":{"footnotes":""},"categories":[1],"tags":[],"_links":{"self":[{"href":"https:\/\/blog.polityka.pl\/chetkowski\/wp-json\/wp\/v2\/posts\/14423"}],"collection":[{"href":"https:\/\/blog.polityka.pl\/chetkowski\/wp-json\/wp\/v2\/posts"}],"about":[{"href":"https:\/\/blog.polityka.pl\/chetkowski\/wp-json\/wp\/v2\/types\/post"}],"author":[{"embeddable":true,"href":"https:\/\/blog.polityka.pl\/chetkowski\/wp-json\/wp\/v2\/users\/1"}],"replies":[{"embeddable":true,"href":"https:\/\/blog.polityka.pl\/chetkowski\/wp-json\/wp\/v2\/comments?post=14423"}],"version-history":[{"count":2,"href":"https:\/\/blog.polityka.pl\/chetkowski\/wp-json\/wp\/v2\/posts\/14423\/revisions"}],"predecessor-version":[{"id":14425,"href":"https:\/\/blog.polityka.pl\/chetkowski\/wp-json\/wp\/v2\/posts\/14423\/revisions\/14425"}],"wp:featuredmedia":[{"embeddable":true,"href":"https:\/\/blog.polityka.pl\/chetkowski\/wp-json\/wp\/v2\/media\/12937"}],"wp:attachment":[{"href":"https:\/\/blog.polityka.pl\/chetkowski\/wp-json\/wp\/v2\/media?parent=14423"}],"wp:term":[{"taxonomy":"category","embeddable":true,"href":"https:\/\/blog.polityka.pl\/chetkowski\/wp-json\/wp\/v2\/categories?post=14423"},{"taxonomy":"post_tag","embeddable":true,"href":"https:\/\/blog.polityka.pl\/chetkowski\/wp-json\/wp\/v2\/tags?post=14423"}],"curies":[{"name":"wp","href":"https:\/\/api.w.org\/{rel}","templated":true}]}}