
{"id":14436,"date":"2024-10-10T20:13:36","date_gmt":"2024-10-10T18:13:36","guid":{"rendered":"https:\/\/chetkowski.blog.polityka.pl\/?p=14436"},"modified":"2024-10-10T20:55:26","modified_gmt":"2024-10-10T18:55:26","slug":"jak-rodzice-wypowiadaja-sie-o-nauczycielach","status":"publish","type":"post","link":"https:\/\/blog.polityka.pl\/chetkowski\/2024\/10\/10\/jak-rodzice-wypowiadaja-sie-o-nauczycielach\/","title":{"rendered":"Jak rodzice wypowiadaj\u0105 si\u0119 o nauczycielach?"},"content":{"rendered":"\n<p>Uczniowie liceum rzadko zdradzaj\u0105, co rodzice m\u00f3wi\u0105 o nauczycielach. A m\u00f3wi\u0105 \u017ale, wulgarnie, obrzydliwie. Czasem jednak nastolatek w przyp\u0142ywie szczero\u015bci lub buntu podzieli si\u0119 t\u0105 wiadomo\u015bci\u0105, a wtedy szcz\u0119ka opada. Zdarzy\u0142o mi si\u0119 kilka razy prosi\u0107 rodzic\u00f3w, aby przestali m\u00f3wi\u0107 w ten spos\u00f3b o nauczycielach przy dziecku.<\/p>\n\n\n\n<!--more-->\n\n\n\n<p>Bardziej szczere s\u0105 dzieci z podstaw\u00f3wki. A najbardziej szczere s\u0105 maluchy z przedszkola. Pami\u0119tam, jak przedszkolanka zwr\u00f3ci\u0142a si\u0119 do rodzic\u00f3w ze s\u0142owami: \u201eProsz\u0119 nic nie m\u00f3wi\u0107, ja wszystko wiem, co si\u0119 dzieje u pa\u0144stwa w domu i co pa\u0144stwo m\u00f3wicie o mnie\u201d. Podejrzewam, \u017ce niekt\u00f3re opowie\u015bci mog\u0142y jej sprawi\u0107 przykro\u015b\u0107.<\/p>\n\n\n\n<p>Mieszkam przy podstaw\u00f3wce, wi\u0119c cz\u0119sto s\u0142ysz\u0119, jak rodzice odreagowuj\u0105 stresuj\u0105c\u0105 rozmow\u0119 z nauczycielem. Najcz\u0119\u015bciej ubli\u017caj\u0105 mu, m\u00f3wi\u0105c poza jego oczami, ale przy dziecku, a nawet do dziecka, np. \u201eCzego chcesz, przecie\u017c twoja wychowawczyni jest poj\u2026bana\u201d.\u00a0<\/p>\n\n\n\n<p>Niedawno us\u0142ysza\u0142em, jak matka po wyj\u015bciu ze szko\u0142y wykrzycza\u0142a do dziecka, \u017ce \u201eju\u017c nigdy do tego poje\u2026 anego zj\u2026ba\u00a0\u00a0[nauczyciela matematyki] nie przyjdzie\u201d. \u0141za mi si\u0119 w oku kr\u0119ci, gdy przypomn\u0119 sobie, jak 20 lat temu ucze\u0144 zakomunikowa\u0142, i\u017c zdaniem taty jestem g\u0142upi. Dzisiaj na tak\u0105 delikatno\u015b\u0107 nie mo\u017cna ju\u017c liczy\u0107.<\/p>\n","protected":false},"excerpt":{"rendered":"<p>Uczniowie liceum rzadko zdradzaj\u0105, co rodzice m\u00f3wi\u0105 o nauczycielach. A m\u00f3wi\u0105 \u017ale, wulgarnie, obrzydliwie. Czasem jednak nastolatek w przyp\u0142ywie szczero\u015bci lub buntu podzieli si\u0119 t\u0105 wiadomo\u015bci\u0105, a wtedy szcz\u0119ka opada. Zdarzy\u0142o mi si\u0119 kilka razy prosi\u0107 rodzic\u00f3w, aby przestali m\u00f3wi\u0107 w ten spos\u00f3b o nauczycielach przy dziecku.<\/p>\n","protected":false},"author":1,"featured_media":13375,"comment_status":"open","ping_status":"closed","sticky":false,"template":"","format":"standard","meta":{"footnotes":""},"categories":[1],"tags":[],"_links":{"self":[{"href":"https:\/\/blog.polityka.pl\/chetkowski\/wp-json\/wp\/v2\/posts\/14436"}],"collection":[{"href":"https:\/\/blog.polityka.pl\/chetkowski\/wp-json\/wp\/v2\/posts"}],"about":[{"href":"https:\/\/blog.polityka.pl\/chetkowski\/wp-json\/wp\/v2\/types\/post"}],"author":[{"embeddable":true,"href":"https:\/\/blog.polityka.pl\/chetkowski\/wp-json\/wp\/v2\/users\/1"}],"replies":[{"embeddable":true,"href":"https:\/\/blog.polityka.pl\/chetkowski\/wp-json\/wp\/v2\/comments?post=14436"}],"version-history":[{"count":5,"href":"https:\/\/blog.polityka.pl\/chetkowski\/wp-json\/wp\/v2\/posts\/14436\/revisions"}],"predecessor-version":[{"id":14441,"href":"https:\/\/blog.polityka.pl\/chetkowski\/wp-json\/wp\/v2\/posts\/14436\/revisions\/14441"}],"wp:featuredmedia":[{"embeddable":true,"href":"https:\/\/blog.polityka.pl\/chetkowski\/wp-json\/wp\/v2\/media\/13375"}],"wp:attachment":[{"href":"https:\/\/blog.polityka.pl\/chetkowski\/wp-json\/wp\/v2\/media?parent=14436"}],"wp:term":[{"taxonomy":"category","embeddable":true,"href":"https:\/\/blog.polityka.pl\/chetkowski\/wp-json\/wp\/v2\/categories?post=14436"},{"taxonomy":"post_tag","embeddable":true,"href":"https:\/\/blog.polityka.pl\/chetkowski\/wp-json\/wp\/v2\/tags?post=14436"}],"curies":[{"name":"wp","href":"https:\/\/api.w.org\/{rel}","templated":true}]}}