
{"id":14444,"date":"2024-10-15T17:48:43","date_gmt":"2024-10-15T15:48:43","guid":{"rendered":"https:\/\/chetkowski.blog.polityka.pl\/?p=14444"},"modified":"2024-10-15T18:02:12","modified_gmt":"2024-10-15T16:02:12","slug":"ferie-powinny-byc-co-6-tygodni","status":"publish","type":"post","link":"https:\/\/blog.polityka.pl\/chetkowski\/2024\/10\/15\/ferie-powinny-byc-co-6-tygodni\/","title":{"rendered":"Ferie powinny by\u0107 co 6 tygodni"},"content":{"rendered":"\n<p>Zwykle w po\u0142owie pa\u017adziernika gwa\u0142townie spada w szkole frekwencja. Jedni uczniowie choruj\u0105, a inni maj\u0105 do\u015b\u0107 nauki. Ka\u017cdy szuka sposobu, aby zrobi\u0107 sobie wolne. Na zwolnienia lekarskie id\u0105 tak\u017ce nauczyciele, w ko\u0144cu to te\u017c ludzie.<\/p>\n\n\n\n<!--more-->\n\n\n\n<p>S\u0105 kraje, gdzie po sze\u015bciu tygodniach nauki uczniowie maj\u0105 ferie. Ale nie w Polsce. My wolimy d\u0142ugie dystanse. Dawniej taki system pewnie si\u0119 sprawdza\u0142, dzisiaj jednak dzieci i m\u0142odzie\u017c szybciej si\u0119 m\u0119cz\u0105. Nauczyciele te\u017c nie s\u0105 w najlepszej formie, podesz\u0142y wiek robi swoje. Wszyscy bardzo potrzebujemy odpoczynku.<\/p>\n\n\n\n<p>Zamiast ferii mamy d\u0142ugie weekendy. Szcz\u0119\u015bliwie 1 listopada przypada w pi\u0105tek, a 11 &#8211; w poniedzia\u0142ek. Potem trzeba b\u0119dzie wytrzyma\u0107 do Bo\u017cego Narodzenia. Dla coraz wi\u0119kszej liczby uczni\u00f3w nauka od 1 wrze\u015bnia do 20 grudnia (wtedy zaczynaj\u0105 si\u0119 w tym roku ferie \u015bwi\u0105teczne) jest niewykonalna. Skoro nie ma ferii, trzeba si\u0119 w pa\u017adzierniku taktycznie przezi\u0119bi\u0107.<\/p>\n","protected":false},"excerpt":{"rendered":"<p>Zwykle w po\u0142owie pa\u017adziernika gwa\u0142townie spada w szkole frekwencja. Jedni uczniowie choruj\u0105, a inni maj\u0105 do\u015b\u0107 nauki. Ka\u017cdy szuka sposobu, aby zrobi\u0107 sobie wolne. Na zwolnienia lekarskie id\u0105 tak\u017ce nauczyciele, w ko\u0144cu to te\u017c ludzie.<\/p>\n","protected":false},"author":1,"featured_media":14018,"comment_status":"open","ping_status":"closed","sticky":false,"template":"","format":"standard","meta":{"footnotes":""},"categories":[1],"tags":[],"_links":{"self":[{"href":"https:\/\/blog.polityka.pl\/chetkowski\/wp-json\/wp\/v2\/posts\/14444"}],"collection":[{"href":"https:\/\/blog.polityka.pl\/chetkowski\/wp-json\/wp\/v2\/posts"}],"about":[{"href":"https:\/\/blog.polityka.pl\/chetkowski\/wp-json\/wp\/v2\/types\/post"}],"author":[{"embeddable":true,"href":"https:\/\/blog.polityka.pl\/chetkowski\/wp-json\/wp\/v2\/users\/1"}],"replies":[{"embeddable":true,"href":"https:\/\/blog.polityka.pl\/chetkowski\/wp-json\/wp\/v2\/comments?post=14444"}],"version-history":[{"count":4,"href":"https:\/\/blog.polityka.pl\/chetkowski\/wp-json\/wp\/v2\/posts\/14444\/revisions"}],"predecessor-version":[{"id":14448,"href":"https:\/\/blog.polityka.pl\/chetkowski\/wp-json\/wp\/v2\/posts\/14444\/revisions\/14448"}],"wp:featuredmedia":[{"embeddable":true,"href":"https:\/\/blog.polityka.pl\/chetkowski\/wp-json\/wp\/v2\/media\/14018"}],"wp:attachment":[{"href":"https:\/\/blog.polityka.pl\/chetkowski\/wp-json\/wp\/v2\/media?parent=14444"}],"wp:term":[{"taxonomy":"category","embeddable":true,"href":"https:\/\/blog.polityka.pl\/chetkowski\/wp-json\/wp\/v2\/categories?post=14444"},{"taxonomy":"post_tag","embeddable":true,"href":"https:\/\/blog.polityka.pl\/chetkowski\/wp-json\/wp\/v2\/tags?post=14444"}],"curies":[{"name":"wp","href":"https:\/\/api.w.org\/{rel}","templated":true}]}}