
{"id":14449,"date":"2024-10-16T18:40:53","date_gmt":"2024-10-16T16:40:53","guid":{"rendered":"https:\/\/chetkowski.blog.polityka.pl\/?p=14449"},"modified":"2024-10-16T21:50:42","modified_gmt":"2024-10-16T19:50:42","slug":"trzeba-wycofac-ksiezy-ze-szkol-inaczej-edukacji-seksualnej-beda-uczyc-katecheci","status":"publish","type":"post","link":"https:\/\/blog.polityka.pl\/chetkowski\/2024\/10\/16\/trzeba-wycofac-ksiezy-ze-szkol-inaczej-edukacji-seksualnej-beda-uczyc-katecheci\/","title":{"rendered":"Trzeba wycofa\u0107 ksi\u0119\u017cy ze szk\u00f3\u0142, inaczej edukacji seksualnej b\u0119d\u0105 uczy\u0107 katecheci"},"content":{"rendered":"\n<p>Ko\u015bci\u00f3\u0142 stoi przed wyborem, kto ma uczy\u0107 religii: ksi\u0119\u017ca i zakonnice czy \u015bwieccy katecheci i katechetki? Po zmianach, jakie szykuje MEN, dla wszystkich godzin nie wystarczy.<\/p>\n\n\n\n<!--more-->\n\n\n\n<p>Rz\u0105d powinien si\u0119 w tej sprawie dogada\u0107 z Ko\u015bcio\u0142em. Kto ma zosta\u0107? Je\u015bli nie uda si\u0119 rozwi\u0105za\u0107 um\u00f3w za porozumieniem stron, wtedy trzeba b\u0119dzie cz\u0119\u015b\u0107 pracownik\u00f3w zwolni\u0107 i wyp\u0142aci\u0107 im nawet sze\u015bciomiesi\u0119czne odprawy. To du\u017cy koszt dla bud\u017cetu.<\/p>\n\n\n\n<p>Je\u015bli ksi\u0119\u017ca i zakonnice zostan\u0105 w szkole, bo tak chce kuria, wtedy trzeba b\u0119dzie zaproponowa\u0107 \u015bwieckim katechetom i katechetkom przekwalifikowanie. 1 wrze\u015bnia 2025 roku wejdzie do szk\u00f3\u0142 nowy przedmiot: edukacja zdrowotna. Katarzyna Lubnauer powiedzia\u0142a, \u017ce tego przedmiotu mogliby uczy\u0107 katecheci (rz\u0105d sfinansuje im zdobycie nowych kwalifikacji).<\/p>\n\n\n\n<p>Problem w tym, \u017ce w podstawie programowej edukacji zdrowotnej jest tematyka seksualna. Jak oddamy edukacj\u0119 seksualn\u0105 w r\u0119ce ludzi Ko\u015bcio\u0142a, to lepiej w og\u00f3le nie wprowadzajmy tego przedmiotu.<\/p>\n","protected":false},"excerpt":{"rendered":"<p>Ko\u015bci\u00f3\u0142 stoi przed wyborem, kto ma uczy\u0107 religii: ksi\u0119\u017ca i zakonnice czy \u015bwieccy katecheci i katechetki? Po zmianach, jakie szykuje MEN, dla wszystkich godzin nie wystarczy.<\/p>\n","protected":false},"author":1,"featured_media":13931,"comment_status":"open","ping_status":"closed","sticky":false,"template":"","format":"standard","meta":{"footnotes":""},"categories":[1],"tags":[],"_links":{"self":[{"href":"https:\/\/blog.polityka.pl\/chetkowski\/wp-json\/wp\/v2\/posts\/14449"}],"collection":[{"href":"https:\/\/blog.polityka.pl\/chetkowski\/wp-json\/wp\/v2\/posts"}],"about":[{"href":"https:\/\/blog.polityka.pl\/chetkowski\/wp-json\/wp\/v2\/types\/post"}],"author":[{"embeddable":true,"href":"https:\/\/blog.polityka.pl\/chetkowski\/wp-json\/wp\/v2\/users\/1"}],"replies":[{"embeddable":true,"href":"https:\/\/blog.polityka.pl\/chetkowski\/wp-json\/wp\/v2\/comments?post=14449"}],"version-history":[{"count":3,"href":"https:\/\/blog.polityka.pl\/chetkowski\/wp-json\/wp\/v2\/posts\/14449\/revisions"}],"predecessor-version":[{"id":14452,"href":"https:\/\/blog.polityka.pl\/chetkowski\/wp-json\/wp\/v2\/posts\/14449\/revisions\/14452"}],"wp:featuredmedia":[{"embeddable":true,"href":"https:\/\/blog.polityka.pl\/chetkowski\/wp-json\/wp\/v2\/media\/13931"}],"wp:attachment":[{"href":"https:\/\/blog.polityka.pl\/chetkowski\/wp-json\/wp\/v2\/media?parent=14449"}],"wp:term":[{"taxonomy":"category","embeddable":true,"href":"https:\/\/blog.polityka.pl\/chetkowski\/wp-json\/wp\/v2\/categories?post=14449"},{"taxonomy":"post_tag","embeddable":true,"href":"https:\/\/blog.polityka.pl\/chetkowski\/wp-json\/wp\/v2\/tags?post=14449"}],"curies":[{"name":"wp","href":"https:\/\/api.w.org\/{rel}","templated":true}]}}