
{"id":14458,"date":"2024-10-22T15:04:49","date_gmt":"2024-10-22T13:04:49","guid":{"rendered":"https:\/\/chetkowski.blog.polityka.pl\/?p=14458"},"modified":"2024-10-22T15:28:13","modified_gmt":"2024-10-22T13:28:13","slug":"nauczyciele-nie-zrobia-kolejnej-reformy-za-darmo","status":"publish","type":"post","link":"https:\/\/blog.polityka.pl\/chetkowski\/2024\/10\/22\/nauczyciele-nie-zrobia-kolejnej-reformy-za-darmo\/","title":{"rendered":"Nauczyciele nie zrobi\u0105 kolejnej reformy za darmo"},"content":{"rendered":"\n<p>Ka\u017cdy rz\u0105d ka\u017ce nauczycielom robi\u0107 reform\u0119 w ramach obowi\u0105zk\u00f3w pracowniczych i bez dodatkowego wynagrodzenia. Na zmiany wydawane s\u0105 olbrzymie pieni\u0105dze, ale do nas nie trafia nic. Obecna w\u0142adza zachowuje si\u0119 podobnie. Spodziewa si\u0119, \u017ce nauczyciele wg widzimisi\u0119 polityk\u00f3w zreformuj\u0105 o\u015bwiat\u0119 i nic z tego nie b\u0119d\u0105 mieli.<\/p>\n\n\n\n<!--more-->\n\n\n\n<p>\u015awiadomo\u015b\u0107, \u017ce tym razem to si\u0119 nie uda, maj\u0105 dyrektorzy szk\u00f3l. W ich imieniu wypowiedzia\u0142 si\u0119 Marek Ple\u015bniar na niedawnym kongresie Og\u00f3lnopolskiego Stowarzyszenia Kadry Kierowniczej O\u015bwiaty w \u0141odzi. Tej reformy nauczyciele nie zrobi\u0105, gdy\u017c s\u0105 totalnie rozbici, zdemotywowani i zdemobilizowani. Nauczycielom trzeba zap\u0142aci\u0107 za dodatkowy wysi\u0142ek (wi\u0119cej <a href=\"http:\/\/obserwatoriumedukacji.pl\/marek-plesniar-czlowiek-z-doswiadczeniem-wie-dlaczego\/\">tutaj<\/a>).\u00a0<\/p>\n\n\n\n<p>Atmosfera w pokoju nauczycielskim jest jak w baraku na budowie. Je\u015bli szef chce wykrzesa\u0107 z nas ch\u0119\u0107 do pracy, musi zap\u0142aci\u0107. Porozmawiajmy o pieni\u0105dzach. Zreszt\u0105 nawet pieni\u0105dze nie za\u0142atwi\u0105 wszystkich spraw, gdy\u017c jeste\u015bmy zm\u0119czeni. Je\u015bli pieni\u0105dze na reform\u0119 nie trafi\u0105 do nas, lecz do IBE czy innych podmiot\u00f3w, kt\u00f3re j\u0105 wymy\u015blaj\u0105, nauczyciele nie kiwn\u0105 nawet palcem. Sami r\u00f3bcie t\u0119 reform\u0119, na nas ju\u017c nie liczcie!<\/p>\n","protected":false},"excerpt":{"rendered":"<p>Ka\u017cdy rz\u0105d ka\u017ce nauczycielom robi\u0107 reform\u0119 w ramach obowi\u0105zk\u00f3w pracowniczych i bez dodatkowego wynagrodzenia. Na zmiany wydawane s\u0105 olbrzymie pieni\u0105dze, ale do nas nie trafia nic. Obecna w\u0142adza zachowuje si\u0119 podobnie. Spodziewa si\u0119, \u017ce nauczyciele wg widzimisi\u0119 polityk\u00f3w zreformuj\u0105 o\u015bwiat\u0119 i nic z tego nie b\u0119d\u0105 mieli.<\/p>\n","protected":false},"author":1,"featured_media":13784,"comment_status":"open","ping_status":"closed","sticky":false,"template":"","format":"standard","meta":{"footnotes":""},"categories":[1],"tags":[],"_links":{"self":[{"href":"https:\/\/blog.polityka.pl\/chetkowski\/wp-json\/wp\/v2\/posts\/14458"}],"collection":[{"href":"https:\/\/blog.polityka.pl\/chetkowski\/wp-json\/wp\/v2\/posts"}],"about":[{"href":"https:\/\/blog.polityka.pl\/chetkowski\/wp-json\/wp\/v2\/types\/post"}],"author":[{"embeddable":true,"href":"https:\/\/blog.polityka.pl\/chetkowski\/wp-json\/wp\/v2\/users\/1"}],"replies":[{"embeddable":true,"href":"https:\/\/blog.polityka.pl\/chetkowski\/wp-json\/wp\/v2\/comments?post=14458"}],"version-history":[{"count":2,"href":"https:\/\/blog.polityka.pl\/chetkowski\/wp-json\/wp\/v2\/posts\/14458\/revisions"}],"predecessor-version":[{"id":14460,"href":"https:\/\/blog.polityka.pl\/chetkowski\/wp-json\/wp\/v2\/posts\/14458\/revisions\/14460"}],"wp:featuredmedia":[{"embeddable":true,"href":"https:\/\/blog.polityka.pl\/chetkowski\/wp-json\/wp\/v2\/media\/13784"}],"wp:attachment":[{"href":"https:\/\/blog.polityka.pl\/chetkowski\/wp-json\/wp\/v2\/media?parent=14458"}],"wp:term":[{"taxonomy":"category","embeddable":true,"href":"https:\/\/blog.polityka.pl\/chetkowski\/wp-json\/wp\/v2\/categories?post=14458"},{"taxonomy":"post_tag","embeddable":true,"href":"https:\/\/blog.polityka.pl\/chetkowski\/wp-json\/wp\/v2\/tags?post=14458"}],"curies":[{"name":"wp","href":"https:\/\/api.w.org\/{rel}","templated":true}]}}