
{"id":14477,"date":"2024-11-02T06:38:00","date_gmt":"2024-11-02T05:38:00","guid":{"rendered":"https:\/\/chetkowski.blog.polityka.pl\/?p=14477"},"modified":"2024-11-01T22:40:40","modified_gmt":"2024-11-01T21:40:40","slug":"koniec-z-ciezkimi-tornistrami-wszystkie-podreczniki-w-wersji-cyfrowej","status":"publish","type":"post","link":"https:\/\/blog.polityka.pl\/chetkowski\/2024\/11\/02\/koniec-z-ciezkimi-tornistrami-wszystkie-podreczniki-w-wersji-cyfrowej\/","title":{"rendered":"Koniec z ci\u0119\u017ckimi tornistrami: wszystkie podr\u0119czniki w wersji cyfrowej"},"content":{"rendered":"\n<p>MEN chce, aby do papierowej wersji podr\u0119cznika wydawcy mieli obowi\u0105zek dostarczy\u0107 wersj\u0119 cyfrow\u0105. Barbara Nowacka planuje wyda\u0107 rozporz\u0105dzenie w tej sprawie. Podr\u0119czniki by\u0142yby sprzedawane w pakiecie: papier plus cyfra.&nbsp;<\/p>\n\n\n\n<p>Uczniowie nie musieliby nosi\u0107 wersji papierowych do szko\u0142y. Plecaki szkolne by\u0142yby l\u017cejsze. Zapewne taka jest g\u0142\u00f3wna przyczyna decyzji ministry edukacji: troska o zdrowie dzieci. W \u015blad za tym powinna p\u00f3j\u015b\u0107 decyzja, aby r\u00f3wnie\u017c zeszyty szkolne mia\u0142y posta\u0107 cyfrow\u0105 (w mojej szkole ju\u017c co drugi ucze\u0144 notuje na tablecie). Niech decyduj\u0105 dzieci \u2013 szczeg\u00f3lnie starsze \u2013 jak chc\u0105 notowa\u0107.<\/p>\n\n\n\n<p>Nied\u0142ugo moi uczniowie b\u0119d\u0105 chodzili do szko\u0142y tylko z tabletem. A nawet bez niego, gdy\u017c notatki b\u0119d\u0105 dost\u0119pne w chmurze, wi\u0119c tablet mo\u017ce zosta\u0107 w szkolnej szafce. W domu notatki mo\u017cna b\u0119dzie przeczyta\u0107 na telefonie.<\/p>\n\n\n\n<p>Jak ju\u017c podr\u0119czniki b\u0119d\u0105 obowi\u0105zkowo w wersji cyfrowej, to przestanie by\u0107 potrzebna wersja papierowa. Jak zeszyt ma posta\u0107 cyfrow\u0105, to nie trzeba go przecie\u017c drukowa\u0107. Dlatego proponuj\u0119 ma\u0142\u0105 korekt\u0119 projektu rozporz\u0105dzenia. Niech podr\u0119czniki b\u0119d\u0105, jak chce Nowacka, obowi\u0105zkowo w wersji cyfrowej, natomiast papier tylko dla tych, kt\u00f3rzy tego chc\u0105.<\/p>\n\n\n\n<p>Projekt rozporz\u0105dzenia <a href=\"https:\/\/www.gov.pl\/web\/edukacja\/rzad-przyjal-zmiany-w-prawie-oswiatowym\">tutaj<\/a> (punkt 3).<\/p>\n","protected":false},"excerpt":{"rendered":"<p>MEN chce, aby do papierowej wersji podr\u0119cznika wydawcy mieli obowi\u0105zek dostarczy\u0107 wersj\u0119 cyfrow\u0105. Barbara Nowacka planuje wyda\u0107 rozporz\u0105dzenie w tej sprawie. Podr\u0119czniki by\u0142yby sprzedawane w pakiecie: papier plus cyfra.&nbsp; Uczniowie nie musieliby nosi\u0107 wersji papierowych do szko\u0142y. Plecaki szkolne by\u0142yby l\u017cejsze. Zapewne taka jest g\u0142\u00f3wna przyczyna decyzji ministry edukacji: troska o zdrowie dzieci. W \u015blad [&hellip;]<\/p>\n","protected":false},"author":1,"featured_media":0,"comment_status":"open","ping_status":"closed","sticky":false,"template":"","format":"standard","meta":{"footnotes":""},"categories":[1],"tags":[],"_links":{"self":[{"href":"https:\/\/blog.polityka.pl\/chetkowski\/wp-json\/wp\/v2\/posts\/14477"}],"collection":[{"href":"https:\/\/blog.polityka.pl\/chetkowski\/wp-json\/wp\/v2\/posts"}],"about":[{"href":"https:\/\/blog.polityka.pl\/chetkowski\/wp-json\/wp\/v2\/types\/post"}],"author":[{"embeddable":true,"href":"https:\/\/blog.polityka.pl\/chetkowski\/wp-json\/wp\/v2\/users\/1"}],"replies":[{"embeddable":true,"href":"https:\/\/blog.polityka.pl\/chetkowski\/wp-json\/wp\/v2\/comments?post=14477"}],"version-history":[{"count":1,"href":"https:\/\/blog.polityka.pl\/chetkowski\/wp-json\/wp\/v2\/posts\/14477\/revisions"}],"predecessor-version":[{"id":14478,"href":"https:\/\/blog.polityka.pl\/chetkowski\/wp-json\/wp\/v2\/posts\/14477\/revisions\/14478"}],"wp:attachment":[{"href":"https:\/\/blog.polityka.pl\/chetkowski\/wp-json\/wp\/v2\/media?parent=14477"}],"wp:term":[{"taxonomy":"category","embeddable":true,"href":"https:\/\/blog.polityka.pl\/chetkowski\/wp-json\/wp\/v2\/categories?post=14477"},{"taxonomy":"post_tag","embeddable":true,"href":"https:\/\/blog.polityka.pl\/chetkowski\/wp-json\/wp\/v2\/tags?post=14477"}],"curies":[{"name":"wp","href":"https:\/\/api.w.org\/{rel}","templated":true}]}}