
{"id":14480,"date":"2024-11-04T18:23:07","date_gmt":"2024-11-04T17:23:07","guid":{"rendered":"https:\/\/chetkowski.blog.polityka.pl\/?p=14480"},"modified":"2024-11-04T22:06:49","modified_gmt":"2024-11-04T21:06:49","slug":"men-chce-aby-wf-dawal-dzieciom-radosc-nareszcie-tylko-jak-to-zrobic","status":"publish","type":"post","link":"https:\/\/blog.polityka.pl\/chetkowski\/2024\/11\/04\/men-chce-aby-wf-dawal-dzieciom-radosc-nareszcie-tylko-jak-to-zrobic\/","title":{"rendered":"MEN chce, aby WF dawa\u0142 dzieciom rado\u015b\u0107. Nareszcie! Tylko jak to zrobi\u0107?"},"content":{"rendered":"\n<p>Barbara Nowacka zapowiedzia\u0142a prace nad now\u0105 podstaw\u0105 programow\u0105 WF. Zesp\u00f3\u0142 ekspert\u00f3w ma wr\u0119cz na nowo wymy\u015bli\u0107 ten przedmiot, aby \u0107wiczenia dawa\u0142y dzieciom rado\u015b\u0107. \u017beby realnie przyci\u0105ga\u0142y m\u0142odzie\u017c do sportu. Zesp\u00f3\u0142 musi si\u0119 spieszy\u0107, gdy\u017c przed nim huk roboty, a zmiany maj\u0105 wej\u015b\u0107 w \u017cycie ju\u017c 1 wrze\u015bnia 2025, czyli za kilka miesi\u0119cy.<\/p>\n\n\n\n<!--more-->\n\n\n\n<p>Na razie lekcje wychowania fizycznego na wielu uczni\u00f3w dzia\u0142aj\u0105 odpychaj\u0105co. M\u0142odzie\u017c nie ma ochoty na oczach r\u00f3wie\u015bnik\u00f3w wygina\u0107 cia\u0142o dla oceny. Warto wi\u0119c przy okazji prac nad now\u0105 podstaw\u0105 programow\u0105 przemy\u015ble\u0107, czy musi to by\u0107 przedmiot na ocen\u0119. Mo\u017ce wystarczy nota: uczestniczy\u0142\/ uczestniczy\u0142a. Czy naprawd\u0119 z ka\u017cdego przedmiotu ucze\u0144 musi zdobywa\u0107 oceny?&nbsp;<\/p>\n\n\n\n<p>Do zespo\u0142u ekspert\u00f3w, kt\u00f3ry stworzy now\u0105 podstaw\u0119 programow\u0105, zosta\u0142a powo\u0142ana Monika Pyrek. Zwr\u00f3ci\u0142a ona uwag\u0119, \u017ce lekcje WF pomagaj\u0105 uczniom budowa\u0107 relacje r\u00f3wie\u015bnicze. A dobre relacje z r\u00f3wie\u015bnikami s\u0105 kluczowe w prowadzeniu satysfakcjonuj\u0105cego \u017cycia. To kolejny pow\u00f3d, aby zrezygnowa\u0107 z oceniania. S\u0142awomir Nitras przypomnia\u0142, \u017ce a\u017c trzy miliony dzieci nie potrafi zrobi\u0107 przewrotu w prz\u00f3d, czyli fiko\u0142ka. Jedynka im w tym, panie ministrze, nie pomo\u017ce.<\/p>\n\n\n\n<p>Szczeg\u00f3\u0142y ministerialnego pomys\u0142u <a href=\"https:\/\/sport.tvp.pl\/83312269\/barbara-nowacka-powstanie-zespol-do-przygotowania-nowej-podstawy-programowej-wf\">tutaj<\/a>.<\/p>\n","protected":false},"excerpt":{"rendered":"<p>Barbara Nowacka zapowiedzia\u0142a prace nad now\u0105 podstaw\u0105 programow\u0105 WF. Zesp\u00f3\u0142 ekspert\u00f3w ma wr\u0119cz na nowo wymy\u015bli\u0107 ten przedmiot, aby \u0107wiczenia dawa\u0142y dzieciom rado\u015b\u0107. \u017beby realnie przyci\u0105ga\u0142y m\u0142odzie\u017c do sportu. Zesp\u00f3\u0142 musi si\u0119 spieszy\u0107, gdy\u017c przed nim huk roboty, a zmiany maj\u0105 wej\u015b\u0107 w \u017cycie ju\u017c 1 wrze\u015bnia 2025, czyli za kilka miesi\u0119cy.<\/p>\n","protected":false},"author":1,"featured_media":14482,"comment_status":"open","ping_status":"closed","sticky":false,"template":"","format":"standard","meta":{"footnotes":""},"categories":[1],"tags":[],"_links":{"self":[{"href":"https:\/\/blog.polityka.pl\/chetkowski\/wp-json\/wp\/v2\/posts\/14480"}],"collection":[{"href":"https:\/\/blog.polityka.pl\/chetkowski\/wp-json\/wp\/v2\/posts"}],"about":[{"href":"https:\/\/blog.polityka.pl\/chetkowski\/wp-json\/wp\/v2\/types\/post"}],"author":[{"embeddable":true,"href":"https:\/\/blog.polityka.pl\/chetkowski\/wp-json\/wp\/v2\/users\/1"}],"replies":[{"embeddable":true,"href":"https:\/\/blog.polityka.pl\/chetkowski\/wp-json\/wp\/v2\/comments?post=14480"}],"version-history":[{"count":1,"href":"https:\/\/blog.polityka.pl\/chetkowski\/wp-json\/wp\/v2\/posts\/14480\/revisions"}],"predecessor-version":[{"id":14481,"href":"https:\/\/blog.polityka.pl\/chetkowski\/wp-json\/wp\/v2\/posts\/14480\/revisions\/14481"}],"wp:featuredmedia":[{"embeddable":true,"href":"https:\/\/blog.polityka.pl\/chetkowski\/wp-json\/wp\/v2\/media\/14482"}],"wp:attachment":[{"href":"https:\/\/blog.polityka.pl\/chetkowski\/wp-json\/wp\/v2\/media?parent=14480"}],"wp:term":[{"taxonomy":"category","embeddable":true,"href":"https:\/\/blog.polityka.pl\/chetkowski\/wp-json\/wp\/v2\/categories?post=14480"},{"taxonomy":"post_tag","embeddable":true,"href":"https:\/\/blog.polityka.pl\/chetkowski\/wp-json\/wp\/v2\/tags?post=14480"}],"curies":[{"name":"wp","href":"https:\/\/api.w.org\/{rel}","templated":true}]}}