
{"id":14484,"date":"2024-11-07T21:49:52","date_gmt":"2024-11-07T20:49:52","guid":{"rendered":"https:\/\/chetkowski.blog.polityka.pl\/?p=14484"},"modified":"2024-11-07T23:27:08","modified_gmt":"2024-11-07T22:27:08","slug":"kosciol-chce-sie-dogadac-z-rzadem-w-sprawie-lekcji-religii-ciekawe-za-jaka-cene","status":"publish","type":"post","link":"https:\/\/blog.polityka.pl\/chetkowski\/2024\/11\/07\/kosciol-chce-sie-dogadac-z-rzadem-w-sprawie-lekcji-religii-ciekawe-za-jaka-cene\/","title":{"rendered":"Ko\u015bci\u00f3\u0142 chce si\u0119 dogada\u0107 z rz\u0105dem w sprawie lekcji religii. Ciekawe, za jak\u0105 cen\u0119?"},"content":{"rendered":"\n<p>Bardzo lakonicznie brzmi komunikat MEN na temat spotkania przedstawicieli Ko\u015bcio\u0142a i rz\u0105du w sprawie lekcji religii. Dowiadujemy si\u0119, \u017ce \u201epodj\u0119to merytoryczny dialog i poszukiwano rozwi\u0105za\u0144, kt\u00f3re by\u0142yby mo\u017cliwe do zaakceptowania przez obydwie strony\u201d.<\/p>\n\n\n\n<!--more-->\n\n\n\n<p>Autor tego komunikatu nie powiedzia\u0142 nic konkretnego na temat spotkania skonfliktowanych stron, jedynie poda\u0142 jego definicj\u0119. By\u0107 mo\u017ce nawet przepisa\u0142 t\u0119 informacj\u0119 z jakiego\u015b s\u0142ownika j\u0119zyka polskiego. Opinia publiczna musi si\u0119 wi\u0119c domy\u015bla\u0107, jak wygl\u0105da\u0142 ten merytoryczny dialog i na czym polega\u0142o poszukiwanie rozwi\u0105za\u0144, kt\u00f3re zosta\u0142yby przyj\u0119te przez obie strony.<\/p>\n\n\n\n<p>Domagam si\u0119 prawdziwej informacji, a nie lania wody. Chc\u0119 wiedzie\u0107, jak naprawd\u0119 przebiega\u0142y rozmowy przedstawicieli rz\u0105du i Ko\u015bcio\u0142a. Jaka jest cena zgody episkopatu na likwidacj\u0119 jednej godziny religii?&nbsp;<\/p>\n\n\n\n<p>Taki styl podawania informacji, \u017ceby nic nie powiedzie\u0107, znamy z czas\u00f3w PRL. Gdy Moskwa opieprza\u0142a Warszaw\u0119 niczym archanio\u0142 Micha\u0142 diab\u0142a, prasa informowa\u0142a, \u017ce spotkanie odby\u0142o si\u0119 w atmosferze szacunki i wzajemnego zrozumienia. Akurat!<\/p>\n\n\n\n<p>Teraz zapewne by\u0142o podobnie: duchowni musieli nie\u017ale si\u0119 postawi\u0107 rz\u0105dowi. Nowackiej posz\u0142o tak w pi\u0119ty (przej\u0119t\u0105 twarz ministry wida\u0107 na zdj\u0119ciu), \u017ce nie pozwoli\u0142a sprawozdawcy niczego sensownego o tym spotkaniu napisa\u0107, jedynie komuna\u0142y. Czekam na kolejne spotkanie i na rzeteln\u0105 informacj\u0119 o jego przebiegu. Konkrety, prosz\u0119!\u00a0<\/p>\n\n\n\n<p>Ministerialne bana\u0142y o spotkaniu <a href=\"https:\/\/www.gov.pl\/web\/edukacja\/komunikat-po-spotkaniu-podkomisji-ds-religii-w-szkole-powolanej-przez-komisje-wspolna-przedstawicieli-rzadu-rzeczypospolitej-polskiej-i-konferencji-episkopatu-polski\">tutaj<\/a>.<\/p>\n","protected":false},"excerpt":{"rendered":"<p>Bardzo lakonicznie brzmi komunikat MEN na temat spotkania przedstawicieli Ko\u015bcio\u0142a i rz\u0105du w sprawie lekcji religii. Dowiadujemy si\u0119, \u017ce \u201epodj\u0119to merytoryczny dialog i poszukiwano rozwi\u0105za\u0144, kt\u00f3re by\u0142yby mo\u017cliwe do zaakceptowania przez obydwie strony\u201d.<\/p>\n","protected":false},"author":1,"featured_media":11593,"comment_status":"open","ping_status":"closed","sticky":false,"template":"","format":"standard","meta":{"footnotes":""},"categories":[1],"tags":[],"_links":{"self":[{"href":"https:\/\/blog.polityka.pl\/chetkowski\/wp-json\/wp\/v2\/posts\/14484"}],"collection":[{"href":"https:\/\/blog.polityka.pl\/chetkowski\/wp-json\/wp\/v2\/posts"}],"about":[{"href":"https:\/\/blog.polityka.pl\/chetkowski\/wp-json\/wp\/v2\/types\/post"}],"author":[{"embeddable":true,"href":"https:\/\/blog.polityka.pl\/chetkowski\/wp-json\/wp\/v2\/users\/1"}],"replies":[{"embeddable":true,"href":"https:\/\/blog.polityka.pl\/chetkowski\/wp-json\/wp\/v2\/comments?post=14484"}],"version-history":[{"count":4,"href":"https:\/\/blog.polityka.pl\/chetkowski\/wp-json\/wp\/v2\/posts\/14484\/revisions"}],"predecessor-version":[{"id":14488,"href":"https:\/\/blog.polityka.pl\/chetkowski\/wp-json\/wp\/v2\/posts\/14484\/revisions\/14488"}],"wp:featuredmedia":[{"embeddable":true,"href":"https:\/\/blog.polityka.pl\/chetkowski\/wp-json\/wp\/v2\/media\/11593"}],"wp:attachment":[{"href":"https:\/\/blog.polityka.pl\/chetkowski\/wp-json\/wp\/v2\/media?parent=14484"}],"wp:term":[{"taxonomy":"category","embeddable":true,"href":"https:\/\/blog.polityka.pl\/chetkowski\/wp-json\/wp\/v2\/categories?post=14484"},{"taxonomy":"post_tag","embeddable":true,"href":"https:\/\/blog.polityka.pl\/chetkowski\/wp-json\/wp\/v2\/tags?post=14484"}],"curies":[{"name":"wp","href":"https:\/\/api.w.org\/{rel}","templated":true}]}}