
{"id":14490,"date":"2024-11-08T17:50:04","date_gmt":"2024-11-08T16:50:04","guid":{"rendered":"https:\/\/chetkowski.blog.polityka.pl\/?p=14490"},"modified":"2024-11-08T20:55:02","modified_gmt":"2024-11-08T19:55:02","slug":"w-sprawie-ziobry-komisja-daje-zly-przyklad","status":"publish","type":"post","link":"https:\/\/blog.polityka.pl\/chetkowski\/2024\/11\/08\/w-sprawie-ziobry-komisja-daje-zly-przyklad\/","title":{"rendered":"W sprawie Ziobry komisja daje z\u0142y przyk\u0142ad"},"content":{"rendered":"\n<p>Komisja \u015bledcza ds. Pegasusa daje z\u0142y przyk\u0142ad uczniom. Pos\u0142owie pope\u0142niaj\u0105 bowiem fatalne b\u0142\u0119dy j\u0119zykowe, gdy m\u00f3wi\u0105 o Zbigniewie\u00a0<strong>Ziobrze<\/strong>. Najcz\u0119\u015bciej nie odmieniaj\u0105 nazwiska by\u0142ego ministra sprawiedliwo\u015bci. Gdy w szkole ucz\u0119 poprawnej odmiany, dzieci robi\u0105 wielkie oczy. Przecie\u017c w telewizji s\u0142yszeli inaczej.<\/p>\n\n\n\n<!--more-->\n\n\n\n<p>Zanim media przestan\u0105 si\u0119 interesowa\u0107\u00a0<strong>Ziobr\u0105<\/strong>, mamy ostatni\u0105 szans\u0119, aby nauczy\u0107 si\u0119 odmiany przez przypadki nazwiska tego typu (rodzaju m\u0119skiego z ko\u0144c\u00f3wk\u0105 -o). Dawid Podsiad\u0142o powiedzia\u0142, \u017ce poprawnej odmiany swojego nazwiska nauczy\u0142 si\u0119 dopiero wtedy, gdy sta\u0142 si\u0119 s\u0142awny. Nauczy\u0142 si\u0119 od dziennikarzy. Nauczyciele musieli zwraca\u0107 si\u0119 do niego tylko po imieniu.<\/p>\n\n\n\n<p>A zatem:<\/p>\n\n\n\n<p>Kto idzie? Zbigniew&nbsp;<strong>Ziobro<\/strong>&nbsp;(mianownik).<\/p>\n\n\n\n<p>Kogo nie ma na posiedzeniu komisji? Zbigniewa&nbsp;<strong>Ziobry<\/strong>&nbsp;(dope\u0142niacz).<\/p>\n\n\n\n<p>Komu patrz\u0119 na r\u0119ce? Zbigniewowi&nbsp;<strong>Ziobrze<\/strong>&nbsp;(celownik).<\/p>\n\n\n\n<p>Kogo widz\u0119? Zbigniewa&nbsp;<strong>Ziobr\u0119<\/strong>&nbsp;(biernik).<\/p>\n\n\n\n<p>Z kim mam problem? Ze Zbigniewem&nbsp;<strong>Ziobr\u0105<\/strong>&nbsp;(narz\u0119dnik).<\/p>\n\n\n\n<p>O kim my\u015bl\u0119? O Zbigniewie&nbsp;<strong>Ziobrze<\/strong>&nbsp;(miejscownik)<\/p>\n\n\n\n<p>Zbigniewie&nbsp;<strong>Ziobro<\/strong>! (wo\u0142acz)<\/p>\n\n\n\n<p>Ze Zbigniewem&nbsp;<strong>Ziobr\u0105<\/strong>&nbsp;pos\u0142owie maj\u0105 do czynienia nie od dzi\u015b, zatem powinni wreszcie nauczy\u0107 si\u0119 odmienia\u0107 jego nazwisko. Dzieci bior\u0105 z was z\u0142y przyk\u0142ad.<\/p>\n\n\n\n<p>Info o\u00a0<strong>Ziobrze<\/strong>\u00a0<a href=\"https:\/\/businessinsider.com.pl\/wiadomosci\/ziobro-bedzie-doprowadzony-przed-komisje-jest-wniosek-o-uchylenie-immunitetu\/t9n2xwp\">tutaj<\/a> (odmiana bez zarzutu).<\/p>\n","protected":false},"excerpt":{"rendered":"<p>Komisja \u015bledcza ds. Pegasusa daje z\u0142y przyk\u0142ad uczniom. Pos\u0142owie pope\u0142niaj\u0105 bowiem fatalne b\u0142\u0119dy j\u0119zykowe, gdy m\u00f3wi\u0105 o Zbigniewie\u00a0Ziobrze. Najcz\u0119\u015bciej nie odmieniaj\u0105 nazwiska by\u0142ego ministra sprawiedliwo\u015bci. Gdy w szkole ucz\u0119 poprawnej odmiany, dzieci robi\u0105 wielkie oczy. Przecie\u017c w telewizji s\u0142yszeli inaczej.<\/p>\n","protected":false},"author":1,"featured_media":14494,"comment_status":"open","ping_status":"closed","sticky":false,"template":"","format":"standard","meta":{"footnotes":""},"categories":[1],"tags":[],"_links":{"self":[{"href":"https:\/\/blog.polityka.pl\/chetkowski\/wp-json\/wp\/v2\/posts\/14490"}],"collection":[{"href":"https:\/\/blog.polityka.pl\/chetkowski\/wp-json\/wp\/v2\/posts"}],"about":[{"href":"https:\/\/blog.polityka.pl\/chetkowski\/wp-json\/wp\/v2\/types\/post"}],"author":[{"embeddable":true,"href":"https:\/\/blog.polityka.pl\/chetkowski\/wp-json\/wp\/v2\/users\/1"}],"replies":[{"embeddable":true,"href":"https:\/\/blog.polityka.pl\/chetkowski\/wp-json\/wp\/v2\/comments?post=14490"}],"version-history":[{"count":3,"href":"https:\/\/blog.polityka.pl\/chetkowski\/wp-json\/wp\/v2\/posts\/14490\/revisions"}],"predecessor-version":[{"id":14493,"href":"https:\/\/blog.polityka.pl\/chetkowski\/wp-json\/wp\/v2\/posts\/14490\/revisions\/14493"}],"wp:featuredmedia":[{"embeddable":true,"href":"https:\/\/blog.polityka.pl\/chetkowski\/wp-json\/wp\/v2\/media\/14494"}],"wp:attachment":[{"href":"https:\/\/blog.polityka.pl\/chetkowski\/wp-json\/wp\/v2\/media?parent=14490"}],"wp:term":[{"taxonomy":"category","embeddable":true,"href":"https:\/\/blog.polityka.pl\/chetkowski\/wp-json\/wp\/v2\/categories?post=14490"},{"taxonomy":"post_tag","embeddable":true,"href":"https:\/\/blog.polityka.pl\/chetkowski\/wp-json\/wp\/v2\/tags?post=14490"}],"curies":[{"name":"wp","href":"https:\/\/api.w.org\/{rel}","templated":true}]}}