
{"id":14499,"date":"2024-11-12T22:16:11","date_gmt":"2024-11-12T21:16:11","guid":{"rendered":"https:\/\/chetkowski.blog.polityka.pl\/?p=14499"},"modified":"2024-11-12T22:37:38","modified_gmt":"2024-11-12T21:37:38","slug":"wiedza-o-seksie-bedzie-oparta-na-dowodach-naukowych","status":"publish","type":"post","link":"https:\/\/blog.polityka.pl\/chetkowski\/2024\/11\/12\/wiedza-o-seksie-bedzie-oparta-na-dowodach-naukowych\/","title":{"rendered":"Wiedza o seksie b\u0119dzie oparta na dowodach naukowych. Czy to wystarczy?"},"content":{"rendered":"\n<p>Zbigniew Izdebski, szef zespo\u0142u ekspert\u00f3w, kt\u00f3ry opracowa\u0142 podstawy programowe edukacji zdrowotnej, zapewnia, i\u017c wiedza o seksie nie b\u0119dzie mia\u0142a charakteru \u015bwiatopogl\u0105dowego. B\u0119dzie neutralna i oparta na dowodach naukowych. B\u0119dzie promowa\u0107 zdrowy tryb \u017cycia.<\/p>\n\n\n\n<!--more-->\n\n\n\n<p>Edukacja zdrowotna wejdzie ju\u017c za kilka miesi\u0119cy do szk\u00f3\u0142. Zast\u0105pi wychowanie do \u017cycia w rodzinie. Przeciwnicy tej zmiany obawiaj\u0105 si\u0119, \u017ce dzieci b\u0119d\u0105 oswajane z seksem, b\u0119d\u0105 seksualizowane, czyli zach\u0119cane do jego uprawiania. Izdebski widzi to inaczej. Uwa\u017ca, \u017ce dzieci i tak si\u0119 dowiedz\u0105. Wa\u017cne, \u017ceby nie dowiedzia\u0142y si\u0119 z internetu, lecz od fachowc\u00f3w.<\/p>\n\n\n\n<p>Problem jednak w tym, \u017ce osoby ucz\u0105ce nowego przedmiotu mog\u0105 takimi ekspertami nie by\u0107. Ca\u0142y wysi\u0142ek MEN idzie bowiem w przygotowanie podstaw programowych i ich promowanie, a o nauczycielach zapomniano. Teraz na szybko ekipa rz\u0105dz\u0105ca wymy\u015bla, kto m\u00f3g\u0142by uczy\u0107 edukacji zdrowotnej. Okazuje si\u0119, \u017ce wszyscy, tj. biolodzy, wuefi\u015bci, psycholodzy, a nawet katecheci i ksi\u0119\u017ca, je\u015bli si\u0119 przeszkol\u0105.\u00a0<\/p>\n\n\n\n<p>Kwalifikacje ekspert\u00f3w b\u0119d\u0105 wi\u0119c pisane palcem na wodzie. Jak uczniowie i uczennice zorientuj\u0105 si\u0119, \u017ce nauczyciel wiedzy o seksie wie tyle, ile wie \u201ewujek dobra rada\u201d albo \u201eciocia, kt\u00f3ra zna si\u0119 na wszystkim\u201d, i tak odpowiedzi na najwa\u017cniejsze pytania b\u0119d\u0105 szuka\u0107 w internecie. Zadbajcie o nauczycieli, inaczej ca\u0142a reforma na nic.<\/p>\n\n\n\n<p>Rozmowa z Izdebskim <a href=\"http:\/\/obserwatoriumedukacji.pl\/rozmowa-z-koordynatorem-prac-zespolu-ds-programu-edukacji-zdrowotnej\/\">tutaj<\/a>.<\/p>\n","protected":false},"excerpt":{"rendered":"<p>Zbigniew Izdebski, szef zespo\u0142u ekspert\u00f3w, kt\u00f3ry opracowa\u0142 podstawy programowe edukacji zdrowotnej, zapewnia, i\u017c wiedza o seksie nie b\u0119dzie mia\u0142a charakteru \u015bwiatopogl\u0105dowego. B\u0119dzie neutralna i oparta na dowodach naukowych. B\u0119dzie promowa\u0107 zdrowy tryb \u017cycia.<\/p>\n","protected":false},"author":1,"featured_media":14018,"comment_status":"open","ping_status":"closed","sticky":false,"template":"","format":"standard","meta":{"footnotes":""},"categories":[1],"tags":[],"_links":{"self":[{"href":"https:\/\/blog.polityka.pl\/chetkowski\/wp-json\/wp\/v2\/posts\/14499"}],"collection":[{"href":"https:\/\/blog.polityka.pl\/chetkowski\/wp-json\/wp\/v2\/posts"}],"about":[{"href":"https:\/\/blog.polityka.pl\/chetkowski\/wp-json\/wp\/v2\/types\/post"}],"author":[{"embeddable":true,"href":"https:\/\/blog.polityka.pl\/chetkowski\/wp-json\/wp\/v2\/users\/1"}],"replies":[{"embeddable":true,"href":"https:\/\/blog.polityka.pl\/chetkowski\/wp-json\/wp\/v2\/comments?post=14499"}],"version-history":[{"count":7,"href":"https:\/\/blog.polityka.pl\/chetkowski\/wp-json\/wp\/v2\/posts\/14499\/revisions"}],"predecessor-version":[{"id":14506,"href":"https:\/\/blog.polityka.pl\/chetkowski\/wp-json\/wp\/v2\/posts\/14499\/revisions\/14506"}],"wp:featuredmedia":[{"embeddable":true,"href":"https:\/\/blog.polityka.pl\/chetkowski\/wp-json\/wp\/v2\/media\/14018"}],"wp:attachment":[{"href":"https:\/\/blog.polityka.pl\/chetkowski\/wp-json\/wp\/v2\/media?parent=14499"}],"wp:term":[{"taxonomy":"category","embeddable":true,"href":"https:\/\/blog.polityka.pl\/chetkowski\/wp-json\/wp\/v2\/categories?post=14499"},{"taxonomy":"post_tag","embeddable":true,"href":"https:\/\/blog.polityka.pl\/chetkowski\/wp-json\/wp\/v2\/tags?post=14499"}],"curies":[{"name":"wp","href":"https:\/\/api.w.org\/{rel}","templated":true}]}}