
{"id":14507,"date":"2024-11-14T18:43:44","date_gmt":"2024-11-14T17:43:44","guid":{"rendered":"https:\/\/chetkowski.blog.polityka.pl\/?p=14507"},"modified":"2024-11-14T20:44:05","modified_gmt":"2024-11-14T19:44:05","slug":"po-halloween-przyszedl-czas-na-spiewanie-koled","status":"publish","type":"post","link":"https:\/\/blog.polityka.pl\/chetkowski\/2024\/11\/14\/po-halloween-przyszedl-czas-na-spiewanie-koled\/","title":{"rendered":"Po Halloween przyszed\u0142 czas na \u015bpiewanie kol\u0119d"},"content":{"rendered":"\n<p>Ledwo sko\u0144czy\u0142o si\u0119 Halloween, a ze szkolnych g\u0142o\u015bnik\u00f3w hukn\u0119\u0142y kol\u0119dy. Z kopyta te\u017c ruszy\u0142 konkurs kol\u0119d i pastora\u0142ek. Zapowiada si\u0119, \u017ce b\u0119dzie wi\u0119kszy ni\u017c w poprzednich latach. Jakby m\u0142odzie\u017c chcia\u0142a odreagowa\u0107.<\/p>\n\n\n\n<!--more-->\n\n\n\n<p>Upalne lato zapowiada srog\u0105 zim\u0119. A gdy lato jest nijakie, zima te\u017c nie jest mro\u017ana. Podobnie jest ze szkolnymi imprezami. W czasie Halloween nawiedzi\u0142a nas pot\u0119\u017cna banda demon\u00f3w, upior\u00f3w, \u017cywych trup\u00f3w i innych pot\u0119pie\u0144c\u00f3w. Nietrudno by\u0142o przewidzie\u0107, \u017ce w grudniu zwali si\u0119 na nas niebo ze wszystkimi anio\u0142ami. Ch\u00f3ry anielskie ju\u017c s\u0142ycha\u0107, gdy\u017c klasy \u0107wicz\u0105 \u015bpiewanie pobo\u017cnych pie\u015bni. Nie by\u0142oby Halloween, nie by\u0142oby te\u017c \u015bpiewania kol\u0119d.<\/p>\n\n\n\n<p>Najbardziej pobo\u017cni s\u0105 grzesznicy. Du\u017ca popularno\u015b\u0107 konkursu kol\u0119d i pastora\u0142ek to nast\u0119pstwo masowego udzia\u0142u w Halloween. Nikogo nie powinno dziwi\u0107, \u017ce m\u0142odzie\u017c zapali panu Bogu \u015bwiec\u0119, a diab\u0142u ogarek. Nastolatki chc\u0105 si\u0119 bawi\u0107, pochodzenie \u015bwi\u0119ta nie ma znaczenia.<\/p>\n","protected":false},"excerpt":{"rendered":"<p>Ledwo sko\u0144czy\u0142o si\u0119 Halloween, a ze szkolnych g\u0142o\u015bnik\u00f3w hukn\u0119\u0142y kol\u0119dy. Z kopyta te\u017c ruszy\u0142 konkurs kol\u0119d i pastora\u0142ek. Zapowiada si\u0119, \u017ce b\u0119dzie wi\u0119kszy ni\u017c w poprzednich latach. Jakby m\u0142odzie\u017c chcia\u0142a odreagowa\u0107.<\/p>\n","protected":false},"author":1,"featured_media":14509,"comment_status":"open","ping_status":"closed","sticky":false,"template":"","format":"standard","meta":{"footnotes":""},"categories":[1],"tags":[],"_links":{"self":[{"href":"https:\/\/blog.polityka.pl\/chetkowski\/wp-json\/wp\/v2\/posts\/14507"}],"collection":[{"href":"https:\/\/blog.polityka.pl\/chetkowski\/wp-json\/wp\/v2\/posts"}],"about":[{"href":"https:\/\/blog.polityka.pl\/chetkowski\/wp-json\/wp\/v2\/types\/post"}],"author":[{"embeddable":true,"href":"https:\/\/blog.polityka.pl\/chetkowski\/wp-json\/wp\/v2\/users\/1"}],"replies":[{"embeddable":true,"href":"https:\/\/blog.polityka.pl\/chetkowski\/wp-json\/wp\/v2\/comments?post=14507"}],"version-history":[{"count":1,"href":"https:\/\/blog.polityka.pl\/chetkowski\/wp-json\/wp\/v2\/posts\/14507\/revisions"}],"predecessor-version":[{"id":14508,"href":"https:\/\/blog.polityka.pl\/chetkowski\/wp-json\/wp\/v2\/posts\/14507\/revisions\/14508"}],"wp:featuredmedia":[{"embeddable":true,"href":"https:\/\/blog.polityka.pl\/chetkowski\/wp-json\/wp\/v2\/media\/14509"}],"wp:attachment":[{"href":"https:\/\/blog.polityka.pl\/chetkowski\/wp-json\/wp\/v2\/media?parent=14507"}],"wp:term":[{"taxonomy":"category","embeddable":true,"href":"https:\/\/blog.polityka.pl\/chetkowski\/wp-json\/wp\/v2\/categories?post=14507"},{"taxonomy":"post_tag","embeddable":true,"href":"https:\/\/blog.polityka.pl\/chetkowski\/wp-json\/wp\/v2\/tags?post=14507"}],"curies":[{"name":"wp","href":"https:\/\/api.w.org\/{rel}","templated":true}]}}