
{"id":14524,"date":"2024-11-22T20:32:27","date_gmt":"2024-11-22T19:32:27","guid":{"rendered":"https:\/\/chetkowski.blog.polityka.pl\/?p=14524"},"modified":"2024-11-22T21:46:45","modified_gmt":"2024-11-22T20:46:45","slug":"tusk-przeprasza-nauczycieli-i-wiele-obiecuje","status":"publish","type":"post","link":"https:\/\/blog.polityka.pl\/chetkowski\/2024\/11\/22\/tusk-przeprasza-nauczycieli-i-wiele-obiecuje\/","title":{"rendered":"Tusk przeprasza nauczycieli i wiele obiecuje"},"content":{"rendered":"\n<p>Donald Tusk przeprosi\u0142 nauczycieli za to, czego do\u015bwiadczyli od pa\u0144stwa polskiego w ostatnich latach. Premier przeprosi\u0142 szczeg\u00f3lnie za niegodne traktowanie w czasie strajku w roku 2019. \u201eTo, co was wtedy spotka\u0142o, by\u0142o niewybaczalnym b\u0142\u0119dem ze strony w\u0142adzy\u201d.<\/p>\n\n\n\n<!--more-->\n\n\n\n<p>Tusk obieca\u0142 w imieniu rz\u0105du, \u017ce zostan\u0105 przyspieszone prace nad projektem obywatelskim ZNP dotycz\u0105cym powi\u0105zania p\u0142ac nauczycieli z wysoko\u015bci\u0105 przeci\u0119tnego wynagrodzenia w gospodarce (szczeg\u00f3\u0142y projektu <a href=\"https:\/\/znp.edu.pl\/sejm-ruszaja-prace-nad-obywatelskim-projektem-godne-place\/\">tutaj<\/a>). Barbara Nowacka wt\u00f3rowa\u0142a w tych obietnicach premierowi.<\/p>\n\n\n\n<p>Wygl\u0105da na to, \u017ce w kolejnej kampanii wyborczej, tym razem prezydenckiej, nauczyciele mog\u0105 co\u015b zyska\u0107. PiS nie ma nic do zaoferowania o\u015bwiacie, zreszt\u0105 zaufanie do tej opcji politycznej jest w\u015br\u00f3d pedagog\u00f3w nieomal zerowe. Tusk natomiast pokaza\u0142 nauczycielom, \u017ce dotrzymuje obietnic. M\u00f3wienie rok temu o 30 proc. podwy\u017ckach to nie by\u0142y s\u0142owa rzucane na wiatr.<\/p>\n\n\n\n<p>Na razie jednak obietnice Tuska s\u0105 bardzo og\u00f3lnikowe (przyspieszenie prac nad wa\u017cnym projektem p\u0142acowym), wi\u0119c nie wiadomo, co znacz\u0105. Zwi\u0105zkowcy musz\u0105 jak najszybciej nak\u0142oni\u0107 premiera i ministr\u0119 edukacji, aby zadeklarowali konkrety. Czas jest idealny na takie rozmowy. ZNP nie mo\u017ce tego zmarnowa\u0107.<\/p>\n\n\n\n<p>Szczeg\u00f3\u0142y wyst\u0105pienia Tuska i Nowackiej <a href=\"https:\/\/glos.pl\/premier-tusk-przeprasza-dziekuje-i-obiecuje-nauczycielom-przyspieszenie-minister-nowacka-nic-o-was-bez-was-trwa-43-krajowy-zjazd-delegatow-znp\">tutaj<\/a>.<\/p>\n","protected":false},"excerpt":{"rendered":"<p>Donald Tusk przeprosi\u0142 nauczycieli za to, czego do\u015bwiadczyli od pa\u0144stwa polskiego w ostatnich latach. Premier przeprosi\u0142 szczeg\u00f3lnie za niegodne traktowanie w czasie strajku w roku 2019. \u201eTo, co was wtedy spotka\u0142o, by\u0142o niewybaczalnym b\u0142\u0119dem ze strony w\u0142adzy\u201d.<\/p>\n","protected":false},"author":1,"featured_media":13784,"comment_status":"open","ping_status":"closed","sticky":false,"template":"","format":"standard","meta":{"footnotes":""},"categories":[1],"tags":[],"_links":{"self":[{"href":"https:\/\/blog.polityka.pl\/chetkowski\/wp-json\/wp\/v2\/posts\/14524"}],"collection":[{"href":"https:\/\/blog.polityka.pl\/chetkowski\/wp-json\/wp\/v2\/posts"}],"about":[{"href":"https:\/\/blog.polityka.pl\/chetkowski\/wp-json\/wp\/v2\/types\/post"}],"author":[{"embeddable":true,"href":"https:\/\/blog.polityka.pl\/chetkowski\/wp-json\/wp\/v2\/users\/1"}],"replies":[{"embeddable":true,"href":"https:\/\/blog.polityka.pl\/chetkowski\/wp-json\/wp\/v2\/comments?post=14524"}],"version-history":[{"count":2,"href":"https:\/\/blog.polityka.pl\/chetkowski\/wp-json\/wp\/v2\/posts\/14524\/revisions"}],"predecessor-version":[{"id":14526,"href":"https:\/\/blog.polityka.pl\/chetkowski\/wp-json\/wp\/v2\/posts\/14524\/revisions\/14526"}],"wp:featuredmedia":[{"embeddable":true,"href":"https:\/\/blog.polityka.pl\/chetkowski\/wp-json\/wp\/v2\/media\/13784"}],"wp:attachment":[{"href":"https:\/\/blog.polityka.pl\/chetkowski\/wp-json\/wp\/v2\/media?parent=14524"}],"wp:term":[{"taxonomy":"category","embeddable":true,"href":"https:\/\/blog.polityka.pl\/chetkowski\/wp-json\/wp\/v2\/categories?post=14524"},{"taxonomy":"post_tag","embeddable":true,"href":"https:\/\/blog.polityka.pl\/chetkowski\/wp-json\/wp\/v2\/tags?post=14524"}],"curies":[{"name":"wp","href":"https:\/\/api.w.org\/{rel}","templated":true}]}}