
{"id":14527,"date":"2024-11-25T21:55:50","date_gmt":"2024-11-25T20:55:50","guid":{"rendered":"https:\/\/chetkowski.blog.polityka.pl\/?p=14527"},"modified":"2024-11-26T08:42:37","modified_gmt":"2024-11-26T07:42:37","slug":"prog-30-proc-na-maturze-z-przedmiotu-dodatkowego-dopiero-od-roku-2028","status":"publish","type":"post","link":"https:\/\/blog.polityka.pl\/chetkowski\/2024\/11\/25\/prog-30-proc-na-maturze-z-przedmiotu-dodatkowego-dopiero-od-roku-2028\/","title":{"rendered":"Pr\u00f3g 30 proc. na maturze z przedmiotu dodatkowego dopiero od roku 2028"},"content":{"rendered":"\n<p>Sejm uchwali\u0142 zgod\u0119 na przesuni\u0119cie progu 30 proc. na maturze z przedmiotu dodatkowego na rok 2028. Dopiero wtedy b\u0119dzie obowi\u0105zywa\u0107. W latach 2025, 2026 i 2027 wci\u0105\u017c mo\u017cna b\u0119dzie otrzymywa\u0107 zero na egzaminie maturalnym i nie traci\u0107 prawa do studiowania.<\/p>\n\n\n\n<!--more-->\n\n\n\n<p>Nie po raz pierwszy wyznaczana jest ostateczna data, kiedy maj\u0105 wzrosn\u0105\u0107 wymagania na maturze. Kolejne rz\u0105dy robi\u0105 jednak prezent nastolatkom i przesuwaj\u0105 termin o kilka lat. W\u0105tpi\u0119, aby w roku 2028 naprawd\u0119 wprowadzono pr\u00f3g 30 proc. Znowu zbierze si\u0119 Sejm i uchwali przesuni\u0119cie na\u2026 wieczne nigdy.<\/p>\n\n\n\n<p>Absolwenci mojego liceum opowiadaj\u0105, \u017ce na studiach spotykaj\u0105 si\u0119 podczas zaj\u0119\u0107 z osobami, kt\u00f3re nigdy nie by\u0142y w laboratorium i nie wiedz\u0105, co si\u0119 tam robi (studia chemiczne), na pytanie, ile to jest 4 proc. ze 105, koledzy odpowiadaj\u0105, \u017ce nie lubi\u0105 matematyki (na politechnice), po angielsku nie potrafi\u0105 si\u0119 odezwa\u0107. Absolwentom to nie przeszkadza. M\u00f3wi\u0105, \u017ce uczyli si\u0119 w liceum, natomiast na studiach zamierzaj\u0105 wy\u0142\u0105cznie odpoczywa\u0107.<\/p>\n\n\n\n<p>Decyzja Sejmu \u2013 r\u00f3wnie\u017c w innych sprawach o\u015bwiatowych &#8211; <a href=\"https:\/\/glos.pl\/sejm-przyjal-zmiany-w-prawie-oswiatowym-oraz-tzw-ustawe-okolobudzetowa-z-waloryzacja-od-2025-wynagrodzen-nauczycieli-poczatkujacych\">tutaj<\/a>.<\/p>\n","protected":false},"excerpt":{"rendered":"<p>Sejm uchwali\u0142 zgod\u0119 na przesuni\u0119cie progu 30 proc. na maturze z przedmiotu dodatkowego na rok 2028. Dopiero wtedy b\u0119dzie obowi\u0105zywa\u0107. W latach 2025, 2026 i 2027 wci\u0105\u017c mo\u017cna b\u0119dzie otrzymywa\u0107 zero na egzaminie maturalnym i nie traci\u0107 prawa do studiowania.<\/p>\n","protected":false},"author":1,"featured_media":9391,"comment_status":"open","ping_status":"closed","sticky":false,"template":"","format":"standard","meta":{"footnotes":""},"categories":[1],"tags":[],"_links":{"self":[{"href":"https:\/\/blog.polityka.pl\/chetkowski\/wp-json\/wp\/v2\/posts\/14527"}],"collection":[{"href":"https:\/\/blog.polityka.pl\/chetkowski\/wp-json\/wp\/v2\/posts"}],"about":[{"href":"https:\/\/blog.polityka.pl\/chetkowski\/wp-json\/wp\/v2\/types\/post"}],"author":[{"embeddable":true,"href":"https:\/\/blog.polityka.pl\/chetkowski\/wp-json\/wp\/v2\/users\/1"}],"replies":[{"embeddable":true,"href":"https:\/\/blog.polityka.pl\/chetkowski\/wp-json\/wp\/v2\/comments?post=14527"}],"version-history":[{"count":3,"href":"https:\/\/blog.polityka.pl\/chetkowski\/wp-json\/wp\/v2\/posts\/14527\/revisions"}],"predecessor-version":[{"id":14530,"href":"https:\/\/blog.polityka.pl\/chetkowski\/wp-json\/wp\/v2\/posts\/14527\/revisions\/14530"}],"wp:featuredmedia":[{"embeddable":true,"href":"https:\/\/blog.polityka.pl\/chetkowski\/wp-json\/wp\/v2\/media\/9391"}],"wp:attachment":[{"href":"https:\/\/blog.polityka.pl\/chetkowski\/wp-json\/wp\/v2\/media?parent=14527"}],"wp:term":[{"taxonomy":"category","embeddable":true,"href":"https:\/\/blog.polityka.pl\/chetkowski\/wp-json\/wp\/v2\/categories?post=14527"},{"taxonomy":"post_tag","embeddable":true,"href":"https:\/\/blog.polityka.pl\/chetkowski\/wp-json\/wp\/v2\/tags?post=14527"}],"curies":[{"name":"wp","href":"https:\/\/api.w.org\/{rel}","templated":true}]}}