
{"id":14532,"date":"2024-11-29T21:46:01","date_gmt":"2024-11-29T20:46:01","guid":{"rendered":"https:\/\/chetkowski.blog.polityka.pl\/?p=14532"},"modified":"2024-11-29T21:46:01","modified_gmt":"2024-11-29T20:46:01","slug":"znp-popiera-edukacje-zdrowotna-z-wiedza-o-seksie-czy-bez","status":"publish","type":"post","link":"https:\/\/blog.polityka.pl\/chetkowski\/2024\/11\/29\/znp-popiera-edukacje-zdrowotna-z-wiedza-o-seksie-czy-bez\/","title":{"rendered":"ZNP popiera edukacj\u0119 zdrowotn\u0105. Z wiedz\u0105 o seksie czy bez?"},"content":{"rendered":"\n<p>Barbara Nowacka potrzebuje sojusznik\u00f3w, kt\u00f3rzy popr\u0105 wprowadzenie do szk\u00f3\u0142 edukacji zdrowotnej. MEN powinien zabiega\u0107 o pozyskanie organizacji spo\u0142ecznych, ludzi ciesz\u0105cych si\u0119 autorytetem, przedstawicieli \u015bwiata nauki, kultury, sportu.\u00a0<\/p>\n\n\n\n<!--more-->\n\n\n\n<p>Poparcie to jest potrzebne ju\u017c teraz, aby na pocz\u0105tku nowego roku szkolnego nie okaza\u0142o, \u017ce za jest tylko ministra edukacji i kilka zaprzyja\u017anionych polityczek, reszta za\u015b si\u0119 waha albo nawet jest przeciw. Wprowadzenie tego przedmiotu nie mo\u017ce by\u0107 spraw\u0105 polityczn\u0105, a b\u0119dzie, je\u015bli murem za Nowack\u0105 stan\u0105 tylko pos\u0142owie i pos\u0142anki z obozu rz\u0105dz\u0105cego, a opozycja tradycyjnie b\u0119dzie przeciw. \u015awiat polityki jest w tej sprawie akurat najmniej wa\u017cny.<\/p>\n\n\n\n<p>Nie chodzi tylko o poparcie edukacji zdrowotnej jako takiej, ale o wyra\u017an\u0105 deklaracj\u0119, \u017ce popiera si\u0119 ten przedmiot w ca\u0142o\u015bci, tj. razem z wiedz\u0105 o seksie. Nale\u017cy to sobie dok\u0142adnie wyja\u015bni\u0107 ju\u017c teraz, gdy\u017c 1 wrze\u015bnia 2025 mo\u017ce by\u0107 za p\u00f3\u017ano na zastanawianie si\u0119, jak\u0105 postaw\u0119 przyj\u0105\u0107. Wtedy bowiem rozp\u0119ta si\u0119 piek\u0142o, \u017ce edukacja zdrowotna to \u2013 jak twierdzi PiS \u2013 tylko pretekst, aby oswaja\u0107 m\u0142odzie\u017c z seksem i propagowa\u0107 swobodne podej\u015bcie do moralno\u015bci. Ko\u015bci\u00f3\u0142 mo\u017ce chcie\u0107 si\u0119 odegra\u0107 za usuni\u0119cie jednej lekcji religii ze szk\u00f3\u0142<\/p>\n\n\n\n<p>ZNP og\u0142osi\u0142, \u017ce popiera wprowadzenie edukacji zdrowotnej (szczeg\u00f3\u0142y <a href=\"https:\/\/glos.pl\/znp-popiera-koncepcje-wprowadzenia-nowych-przedmiotow-edukacji-zdrowotnej-i-edukacji-obywatelskiej\">tutaj<\/a>), ale ani s\u0142owa nie powiedzia\u0142, \u017ce popiera podstaw\u0119 programow\u0105 od A do Z, zatem r\u00f3wnie\u017c wiedz\u0119 o seksie. A to jest przecie\u017c najwa\u017cniejszy punkt sporny. Domy\u015blam si\u0119, \u017ce poparcie to jest ca\u0142kowite, jednak czarno na bia\u0142ym Nowacka tego nie ma. Zatem furtka do interpretacji, co naprawd\u0119 popiera ZNP, a czego nie, jest bardzo szeroko otwarta.<\/p>\n","protected":false},"excerpt":{"rendered":"<p>Barbara Nowacka potrzebuje sojusznik\u00f3w, kt\u00f3rzy popr\u0105 wprowadzenie do szk\u00f3\u0142 edukacji zdrowotnej. MEN powinien zabiega\u0107 o pozyskanie organizacji spo\u0142ecznych, ludzi ciesz\u0105cych si\u0119 autorytetem, przedstawicieli \u015bwiata nauki, kultury, sportu.\u00a0<\/p>\n","protected":false},"author":1,"featured_media":0,"comment_status":"open","ping_status":"closed","sticky":false,"template":"","format":"standard","meta":{"footnotes":""},"categories":[1],"tags":[],"_links":{"self":[{"href":"https:\/\/blog.polityka.pl\/chetkowski\/wp-json\/wp\/v2\/posts\/14532"}],"collection":[{"href":"https:\/\/blog.polityka.pl\/chetkowski\/wp-json\/wp\/v2\/posts"}],"about":[{"href":"https:\/\/blog.polityka.pl\/chetkowski\/wp-json\/wp\/v2\/types\/post"}],"author":[{"embeddable":true,"href":"https:\/\/blog.polityka.pl\/chetkowski\/wp-json\/wp\/v2\/users\/1"}],"replies":[{"embeddable":true,"href":"https:\/\/blog.polityka.pl\/chetkowski\/wp-json\/wp\/v2\/comments?post=14532"}],"version-history":[{"count":4,"href":"https:\/\/blog.polityka.pl\/chetkowski\/wp-json\/wp\/v2\/posts\/14532\/revisions"}],"predecessor-version":[{"id":14536,"href":"https:\/\/blog.polityka.pl\/chetkowski\/wp-json\/wp\/v2\/posts\/14532\/revisions\/14536"}],"wp:attachment":[{"href":"https:\/\/blog.polityka.pl\/chetkowski\/wp-json\/wp\/v2\/media?parent=14532"}],"wp:term":[{"taxonomy":"category","embeddable":true,"href":"https:\/\/blog.polityka.pl\/chetkowski\/wp-json\/wp\/v2\/categories?post=14532"},{"taxonomy":"post_tag","embeddable":true,"href":"https:\/\/blog.polityka.pl\/chetkowski\/wp-json\/wp\/v2\/tags?post=14532"}],"curies":[{"name":"wp","href":"https:\/\/api.w.org\/{rel}","templated":true}]}}