
{"id":14538,"date":"2024-12-01T19:10:43","date_gmt":"2024-12-01T18:10:43","guid":{"rendered":"https:\/\/chetkowski.blog.polityka.pl\/?p=14538"},"modified":"2024-12-01T19:14:52","modified_gmt":"2024-12-01T18:14:52","slug":"zgoda-a-stuhr-reke-poda","status":"publish","type":"post","link":"https:\/\/blog.polityka.pl\/chetkowski\/2024\/12\/01\/zgoda-a-stuhr-reke-poda\/","title":{"rendered":"Zgoda, a Stuhr r\u0119k\u0119 poda"},"content":{"rendered":"\n<p>Niewiele brakowa\u0142o, a Maciej Stuhr, graj\u0105cy Papkina w warszawskim Teatrze Komedia, poda\u0142by mi r\u0119k\u0119. Aktor wybra\u0142 jednak m\u0142odszego widza i jego u\u015bciska\u0142. A to szkoda! Doskonale si\u0119 bawi\u0142em na \u201eZem\u015bcie\u201d Fredry, czyli jak zawsze, cho\u0107 przecie\u017c za ka\u017cdym razem inaczej. Kilka lat temu ogl\u0105da\u0142em Daniela Olbrychskiego w roli Cze\u015bnika. I tam, i tu \u2013 palce liza\u0107!<\/p>\n\n\n\n<!--more-->\n\n\n\n<p>M\u0142odzi przyjaciele, kt\u00f3rzy byli ze mn\u0105, narzekali, \u017ce do przerwy wia\u0142o nud\u0105 (nie zgadzam si\u0119), a huk emocji aktorzy zafundowali widzom dopiero w drugiej cz\u0119\u015bci przedstawienia. To prawda, \u017ce po przerwie mo\u017cna by\u0142o nawet zarobi\u0107 kijem bejsbolowym od Stuhra, no i na scenie zrobi\u0142o si\u0119 mocno seksualnie, pojawi\u0142y si\u0119 te\u017c wulgaryzmy, jednak nudy nie by\u0142o nigdy.<\/p>\n\n\n\n<p>M\u0142ody widz jest wymagaj\u0105cy, j\u0119zyk Fredry ju\u017c mu nie wystarcza. \u017beby chwyci\u0142o, musi by\u0107 zajebi\u015bcie, a nie tylko \u015bmiesznie. I by\u0142o. Re\u017cyser Micha\u0142 Zadara niczego ze sztuki nie uj\u0105\u0142 (w programie wydrukowano zapewnienie, \u017ce to 100 proc. Fredry), a jedynie doda\u0142. Akcja dzieje si\u0119 nie na wsi, lecz w du\u017cym mie\u015bcie, nie w zamku, lecz w barze (a raczej knajpie, do kt\u00f3rej chodz\u0105 gangsterzy), aktorzy jednak m\u00f3wi\u0105 j\u0119zykiem orygina\u0142u, czasem tylko dorzuc\u0105 wsp\u00f3\u0142czesne s\u0142owo. Bohaterowie maj\u0105 smartfony, laptopy, a zamiast szabli i gwint\u00f3wki (do str\u0105cenia &#8222;mak\u00f3wki&#8221;) &#8211; no\u017ce i pistolety.<\/p>\n\n\n\n<p>Poszed\u0142em na t\u0119 sztuk\u0119 dla Macieja Stuhra, natomiast wyszed\u0142em ow\u0142adni\u0119ty gr\u0105 Arkadiusza Brykalskiego. Akurat re\u017cyser powierzy\u0142 mu rol\u0119 Cze\u015bnika, ale aktor ma takie warunki, \u017ce m\u00f3g\u0142by zagra\u0107 i Papkina, i Rejenta, a w roli Wac\u0142awa na pewno by\u0142by lepszy od Filipa Lipieckiego, cho\u0107 ten nie gra\u0142 \u017ale. Gdyby Zadara wpad\u0142 na pomys\u0142, \u017ce aktorzy mog\u0105 wciela\u0107 si\u0119 w r\u00f3\u017cne role, natychmiast przyszed\u0142bym do Teatru Komedia jeszcze raz.&nbsp;<\/p>\n\n\n\n<p>Widownia pe\u0142na, publiczno\u015b\u0107 od podstaw\u00f3wki po dom spokojnej staro\u015bci. Do toalety nie by\u0142o szans si\u0119 dopcha\u0107, do kawiarni tak. Szczeg\u00f3\u0142y <a href=\"https:\/\/teatrkomedia.pl\/spektakle\/zemsta\/\">tutaj<\/a>.<\/p>\n","protected":false},"excerpt":{"rendered":"<p>Niewiele brakowa\u0142o, a Maciej Stuhr, graj\u0105cy Papkina w warszawskim Teatrze Komedia, poda\u0142by mi r\u0119k\u0119. Aktor wybra\u0142 jednak m\u0142odszego widza i jego u\u015bciska\u0142. A to szkoda! Doskonale si\u0119 bawi\u0142em na \u201eZem\u015bcie\u201d Fredry, czyli jak zawsze, cho\u0107 przecie\u017c za ka\u017cdym razem inaczej. Kilka lat temu ogl\u0105da\u0142em Daniela Olbrychskiego w roli Cze\u015bnika. I tam, i tu \u2013 palce [&hellip;]<\/p>\n","protected":false},"author":1,"featured_media":0,"comment_status":"open","ping_status":"closed","sticky":false,"template":"","format":"standard","meta":{"footnotes":""},"categories":[1],"tags":[],"_links":{"self":[{"href":"https:\/\/blog.polityka.pl\/chetkowski\/wp-json\/wp\/v2\/posts\/14538"}],"collection":[{"href":"https:\/\/blog.polityka.pl\/chetkowski\/wp-json\/wp\/v2\/posts"}],"about":[{"href":"https:\/\/blog.polityka.pl\/chetkowski\/wp-json\/wp\/v2\/types\/post"}],"author":[{"embeddable":true,"href":"https:\/\/blog.polityka.pl\/chetkowski\/wp-json\/wp\/v2\/users\/1"}],"replies":[{"embeddable":true,"href":"https:\/\/blog.polityka.pl\/chetkowski\/wp-json\/wp\/v2\/comments?post=14538"}],"version-history":[{"count":4,"href":"https:\/\/blog.polityka.pl\/chetkowski\/wp-json\/wp\/v2\/posts\/14538\/revisions"}],"predecessor-version":[{"id":14542,"href":"https:\/\/blog.polityka.pl\/chetkowski\/wp-json\/wp\/v2\/posts\/14538\/revisions\/14542"}],"wp:attachment":[{"href":"https:\/\/blog.polityka.pl\/chetkowski\/wp-json\/wp\/v2\/media?parent=14538"}],"wp:term":[{"taxonomy":"category","embeddable":true,"href":"https:\/\/blog.polityka.pl\/chetkowski\/wp-json\/wp\/v2\/categories?post=14538"},{"taxonomy":"post_tag","embeddable":true,"href":"https:\/\/blog.polityka.pl\/chetkowski\/wp-json\/wp\/v2\/tags?post=14538"}],"curies":[{"name":"wp","href":"https:\/\/api.w.org\/{rel}","templated":true}]}}