
{"id":14543,"date":"2024-12-03T21:30:09","date_gmt":"2024-12-03T20:30:09","guid":{"rendered":"https:\/\/chetkowski.blog.polityka.pl\/?p=14543"},"modified":"2024-12-03T21:30:09","modified_gmt":"2024-12-03T20:30:09","slug":"ile-kosztuje-posiedzenie-rady-pedagogicznej","status":"publish","type":"post","link":"https:\/\/blog.polityka.pl\/chetkowski\/2024\/12\/03\/ile-kosztuje-posiedzenie-rady-pedagogicznej\/","title":{"rendered":"Ile kosztuje posiedzenie rady pedagogicznej?"},"content":{"rendered":"\n<p>Nie przypominam sobie, aby posiedzenia rady pedagogicznej w mojej szkole odbywa\u0142y si\u0119 w inny dzie\u0144 ni\u017c wtorek. Tak jest od kilkudziesi\u0119ciu lat. Wtorek to jedyny dzie\u0144, kiedy mo\u017cemy zosta\u0107 w szkole d\u0142u\u017cej. Kiedy wi\u0119c dyrekcja og\u0142osi\u0142a, \u017ce wyj\u0105tkowo spotkamy si\u0119 po lekcjach w \u015brod\u0119, w\u015br\u00f3d nauczycieli wybuch\u0142a panika.<\/p>\n\n\n\n<!--more-->\n\n\n\n<p>Mnie te\u017c \u015broda nie pasuje, gdy\u017c pracuj\u0119 w drugiej szkole. Kole\u017canki i koledzy, kt\u00f3rzy prowadz\u0105 kursy, strac\u0105 jednak du\u017co wi\u0119cej. Korepetycji te\u017c raczej nie da si\u0119 prze\u0142o\u017cy\u0107 na inny dzie\u0144, gdy\u017c uczniowie mog\u0105 nie mie\u0107 wolnych termin\u00f3w. W og\u00f3le wszyscy mamy tak napi\u0119ty plan zaj\u0119\u0107, \u017ce wci\u015bni\u0119cie czego\u015b nowego nie jest mo\u017cliwe. \u017bal dusz\u0119 \u015bciska.<\/p>\n\n\n\n<p>\u015arodowe posiedzenie rady pedagogicznej b\u0119dzie wi\u0119c nas sporo kosztowa\u0107. Wtorek nie pasowa\u0142 ekspertowi, kt\u00f3ry b\u0119dzie nas szkoli\u0142. Ma woln\u0105 tylko \u015brod\u0119. Dyrekcja chyba nie zdawa\u0142a sobie sprawy, jak bardzo zmiana terminu uderzy pracownik\u00f3w po kieszeni. Raz mo\u017cemy t\u0119 strat\u0119 przebole\u0107, ale nast\u0119pnym razem wystawimy pracodawcy rachunek.<\/p>\n","protected":false},"excerpt":{"rendered":"<p>Nie przypominam sobie, aby posiedzenia rady pedagogicznej w mojej szkole odbywa\u0142y si\u0119 w inny dzie\u0144 ni\u017c wtorek. Tak jest od kilkudziesi\u0119ciu lat. Wtorek to jedyny dzie\u0144, kiedy mo\u017cemy zosta\u0107 w szkole d\u0142u\u017cej. Kiedy wi\u0119c dyrekcja og\u0142osi\u0142a, \u017ce wyj\u0105tkowo spotkamy si\u0119 po lekcjach w \u015brod\u0119, w\u015br\u00f3d nauczycieli wybuch\u0142a panika.<\/p>\n","protected":false},"author":1,"featured_media":0,"comment_status":"open","ping_status":"closed","sticky":false,"template":"","format":"standard","meta":{"footnotes":""},"categories":[1],"tags":[],"_links":{"self":[{"href":"https:\/\/blog.polityka.pl\/chetkowski\/wp-json\/wp\/v2\/posts\/14543"}],"collection":[{"href":"https:\/\/blog.polityka.pl\/chetkowski\/wp-json\/wp\/v2\/posts"}],"about":[{"href":"https:\/\/blog.polityka.pl\/chetkowski\/wp-json\/wp\/v2\/types\/post"}],"author":[{"embeddable":true,"href":"https:\/\/blog.polityka.pl\/chetkowski\/wp-json\/wp\/v2\/users\/1"}],"replies":[{"embeddable":true,"href":"https:\/\/blog.polityka.pl\/chetkowski\/wp-json\/wp\/v2\/comments?post=14543"}],"version-history":[{"count":1,"href":"https:\/\/blog.polityka.pl\/chetkowski\/wp-json\/wp\/v2\/posts\/14543\/revisions"}],"predecessor-version":[{"id":14544,"href":"https:\/\/blog.polityka.pl\/chetkowski\/wp-json\/wp\/v2\/posts\/14543\/revisions\/14544"}],"wp:attachment":[{"href":"https:\/\/blog.polityka.pl\/chetkowski\/wp-json\/wp\/v2\/media?parent=14543"}],"wp:term":[{"taxonomy":"category","embeddable":true,"href":"https:\/\/blog.polityka.pl\/chetkowski\/wp-json\/wp\/v2\/categories?post=14543"},{"taxonomy":"post_tag","embeddable":true,"href":"https:\/\/blog.polityka.pl\/chetkowski\/wp-json\/wp\/v2\/tags?post=14543"}],"curies":[{"name":"wp","href":"https:\/\/api.w.org\/{rel}","templated":true}]}}