
{"id":14607,"date":"2025-01-09T19:55:40","date_gmt":"2025-01-09T18:55:40","guid":{"rendered":"https:\/\/chetkowski.blog.polityka.pl\/?p=14607"},"modified":"2025-01-09T19:55:40","modified_gmt":"2025-01-09T18:55:40","slug":"urlopy-zdrowotne-zostaja","status":"publish","type":"post","link":"https:\/\/blog.polityka.pl\/chetkowski\/2025\/01\/09\/urlopy-zdrowotne-zostaja\/","title":{"rendered":"Urlopy zdrowotne zostaj\u0105"},"content":{"rendered":"\n<p>Ministra edukacji zapewni\u0142a, \u017ce nauczyciele nie strac\u0105 przywileju, jakim s\u0105 roczne urlopy na poratowanie zdrowia. W tym roku szkolnym sporo os\u00f3b przyspieszy\u0142o decyzj\u0119 o podj\u0119ciu d\u0142u\u017cszego leczenia, gdy\u017c obawia\u0142o si\u0119, \u017ce niebawem mo\u017ce to by\u0107 ju\u017c niemo\u017cliwe. Okazuje si\u0119, \u017ce mogli poczeka\u0107.<\/p>\n\n\n\n<!--more-->\n\n\n\n<p>Dop\u00f3ki w\u0142adze nie straszy\u0142y nauczycieli powa\u017cnym ograniczeniem prawa do urlopu zdrowotnego albo wr\u0119cz jego likwidacj\u0105, z przywileju tego korzysta\u0142y co roku 1-2 osoby w plac\u00f3wce. Rzadko wi\u0119cej. Gdy PiS zacz\u0105\u0142 majstrowa\u0107 przy urlopach, przede wszystkim straszy\u0107, znacznie wi\u0119cej os\u00f3b poczu\u0142o potrzeb\u0119 p\u00f3j\u015bcia na taki urlop. Ludzie otwarcie m\u00f3wili, \u017ce bior\u0105, bo w przysz\u0142ym roku mo\u017ce by\u0107 za p\u00f3\u017ano.<\/p>\n\n\n\n<p>Szkoda, \u017ce Barbara Nowacka dopiero teraz zapewni\u0142a, i\u017c urlop zdrowotny zostaje. Mog\u0142a to zrobi\u0107 od razu, nie by\u0142oby wtedy t\u0142umu ch\u0119tnych. W moim liceum leczy si\u0119 na prawach takiego urlopu kilkana\u015bcie procent za\u0142ogi, co i tak nie jest \u017cadnym rekordem (w niekt\u00f3rych szko\u0142ach chorych jest wi\u0119cej). Dyrekcja mia\u0142a spory problem, aby znale\u017a\u0107 nauczycieli gotowych zatrudni\u0107 si\u0119 na zast\u0119pstwo.<\/p>\n\n\n\n<p>Prawo nauczycieli do rocznego urlopu dla poratowania zdrowia jest bardzo stare. Istnia\u0142o ju\u017c za cara. Korzysta\u0142 z niego nawet Adam Mickiewicz, gdy by\u0142 nauczycielem w Kownie. I to po roku pracy. Tak wyniszczaj\u0105ca dla zdrowia okaza\u0142a si\u0119 dla naszego wieszcza praca z dzie\u0107mi. Kto tego nie do\u015bwiadczy\u0142 na w\u0142asnej sk\u00f3rze, ten nie zrozumie.<\/p>\n","protected":false},"excerpt":{"rendered":"<p>Ministra edukacji zapewni\u0142a, \u017ce nauczyciele nie strac\u0105 przywileju, jakim s\u0105 roczne urlopy na poratowanie zdrowia. W tym roku szkolnym sporo os\u00f3b przyspieszy\u0142o decyzj\u0119 o podj\u0119ciu d\u0142u\u017cszego leczenia, gdy\u017c obawia\u0142o si\u0119, \u017ce niebawem mo\u017ce to by\u0107 ju\u017c niemo\u017cliwe. Okazuje si\u0119, \u017ce mogli poczeka\u0107.<\/p>\n","protected":false},"author":1,"featured_media":0,"comment_status":"open","ping_status":"closed","sticky":false,"template":"","format":"standard","meta":{"footnotes":""},"categories":[1],"tags":[],"_links":{"self":[{"href":"https:\/\/blog.polityka.pl\/chetkowski\/wp-json\/wp\/v2\/posts\/14607"}],"collection":[{"href":"https:\/\/blog.polityka.pl\/chetkowski\/wp-json\/wp\/v2\/posts"}],"about":[{"href":"https:\/\/blog.polityka.pl\/chetkowski\/wp-json\/wp\/v2\/types\/post"}],"author":[{"embeddable":true,"href":"https:\/\/blog.polityka.pl\/chetkowski\/wp-json\/wp\/v2\/users\/1"}],"replies":[{"embeddable":true,"href":"https:\/\/blog.polityka.pl\/chetkowski\/wp-json\/wp\/v2\/comments?post=14607"}],"version-history":[{"count":1,"href":"https:\/\/blog.polityka.pl\/chetkowski\/wp-json\/wp\/v2\/posts\/14607\/revisions"}],"predecessor-version":[{"id":14608,"href":"https:\/\/blog.polityka.pl\/chetkowski\/wp-json\/wp\/v2\/posts\/14607\/revisions\/14608"}],"wp:attachment":[{"href":"https:\/\/blog.polityka.pl\/chetkowski\/wp-json\/wp\/v2\/media?parent=14607"}],"wp:term":[{"taxonomy":"category","embeddable":true,"href":"https:\/\/blog.polityka.pl\/chetkowski\/wp-json\/wp\/v2\/categories?post=14607"},{"taxonomy":"post_tag","embeddable":true,"href":"https:\/\/blog.polityka.pl\/chetkowski\/wp-json\/wp\/v2\/tags?post=14607"}],"curies":[{"name":"wp","href":"https:\/\/api.w.org\/{rel}","templated":true}]}}