
{"id":14614,"date":"2025-01-14T17:34:39","date_gmt":"2025-01-14T16:34:39","guid":{"rendered":"https:\/\/chetkowski.blog.polityka.pl\/?p=14614"},"modified":"2025-01-14T17:34:39","modified_gmt":"2025-01-14T16:34:39","slug":"w-sporze-o-edukacje-zdrowotna-tusk-bierze-strone-kosiniaka-kamysza","status":"publish","type":"post","link":"https:\/\/blog.polityka.pl\/chetkowski\/2025\/01\/14\/w-sporze-o-edukacje-zdrowotna-tusk-bierze-strone-kosiniaka-kamysza\/","title":{"rendered":"W sporze o edukacj\u0119 zdrowotn\u0105 Tusk bierze stron\u0119 Kosiniaka-Kamysza"},"content":{"rendered":"\n<p>Premier opowiedzia\u0142 si\u0119 za dobrowolno\u015bci\u0105 edukacji zdrowotnej. Tym samym stan\u0105\u0142 po stronie ministra obrony narodowej, kt\u00f3ry ju\u017c wcze\u015bniej zapowiedzia\u0142, \u017ce o wyborze tego przedmiotu b\u0119d\u0105 decydowa\u0107 rodzice. Nie spodoba\u0142o si\u0119 to Barbarze Nowackiej, kt\u00f3ra zachowanie Kosiniaka-Kamysza okre\u015bli\u0142a jako pomylenie MON z MEN.&nbsp;<\/p>\n\n\n\n<!--more-->\n\n\n\n<p>Edukacj\u0119 zdrowotn\u0105 wymy\u015bli\u0142a ministra edukacji. Nowy przedmiot ma by\u0107 wprowadzony do szk\u00f3\u0142 od nowego roku szkolnego, czyli ju\u017c za kilka miesi\u0119cy. Zosta\u0142 pomy\u015blany jako przedmiot obowi\u0105zkowy. Teraz okazuje si\u0119, \u017ce b\u0119dzie mo\u017cna z niego zrezygnowa\u0107. Ci, co jednak go wybior\u0105, szybko zmieni\u0105 zdanie, je\u015bli b\u0119d\u0105 za mocno obci\u0105\u017ceni. Edukacj\u0119 zdrowotn\u0105 jako dobrowoln\u0105 trzeba wi\u0119c wymy\u015bli\u0107 na nowo.<\/p>\n\n\n\n<p>Czy ministra edukacji jest gotowa wykona\u0107 polecenie premiera porz\u0105dnie? Je\u015bli tak, musi natychmiast zleci\u0107 ekspertom opracowanie nowej podstawy programowej: dla mniejszej liczby godzin i bardziej atrakcyjnej ni\u017c przedmiot obowi\u0105zkowy. Je\u015bli jednak Nowacka na odczepnego zrobi to, co Tusk ka\u017ce, wtedy edukacja zdrowotna b\u0119dzie potworkiem pedagogicznym i po\u015bmiewiskiem. A to \u017ale wr\u00f3\u017cy ca\u0142ej reformie. Dlatego trzeba albo premierowi odm\u00f3wi\u0107, albo zrobi\u0107 z edukacji zdrowotnej takie cacuszko, \u017ceby dzieci chcia\u0142y si\u0119 tego uczy\u0107.<\/p>\n\n\n\n<p>Szczeg\u00f3\u0142y stanowiska Donalda Tuska <a href=\"https:\/\/glos.pl\/premier-tusk-zabral-glos-ws-edukacji-zdrowotnej-opowiedzial-sie-za-dobrowolnoscia-nowego-przedmiotu\">tutaj<\/a>.<\/p>\n","protected":false},"excerpt":{"rendered":"<p>Premier opowiedzia\u0142 si\u0119 za dobrowolno\u015bci\u0105 edukacji zdrowotnej. Tym samym stan\u0105\u0142 po stronie ministra obrony narodowej, kt\u00f3ry ju\u017c wcze\u015bniej zapowiedzia\u0142, \u017ce o wyborze tego przedmiotu b\u0119d\u0105 decydowa\u0107 rodzice. Nie spodoba\u0142o si\u0119 to Barbarze Nowackiej, kt\u00f3ra zachowanie Kosiniaka-Kamysza okre\u015bli\u0142a jako pomylenie MON z MEN.&nbsp;<\/p>\n","protected":false},"author":1,"featured_media":0,"comment_status":"open","ping_status":"closed","sticky":false,"template":"","format":"standard","meta":{"footnotes":""},"categories":[1],"tags":[],"_links":{"self":[{"href":"https:\/\/blog.polityka.pl\/chetkowski\/wp-json\/wp\/v2\/posts\/14614"}],"collection":[{"href":"https:\/\/blog.polityka.pl\/chetkowski\/wp-json\/wp\/v2\/posts"}],"about":[{"href":"https:\/\/blog.polityka.pl\/chetkowski\/wp-json\/wp\/v2\/types\/post"}],"author":[{"embeddable":true,"href":"https:\/\/blog.polityka.pl\/chetkowski\/wp-json\/wp\/v2\/users\/1"}],"replies":[{"embeddable":true,"href":"https:\/\/blog.polityka.pl\/chetkowski\/wp-json\/wp\/v2\/comments?post=14614"}],"version-history":[{"count":2,"href":"https:\/\/blog.polityka.pl\/chetkowski\/wp-json\/wp\/v2\/posts\/14614\/revisions"}],"predecessor-version":[{"id":14616,"href":"https:\/\/blog.polityka.pl\/chetkowski\/wp-json\/wp\/v2\/posts\/14614\/revisions\/14616"}],"wp:attachment":[{"href":"https:\/\/blog.polityka.pl\/chetkowski\/wp-json\/wp\/v2\/media?parent=14614"}],"wp:term":[{"taxonomy":"category","embeddable":true,"href":"https:\/\/blog.polityka.pl\/chetkowski\/wp-json\/wp\/v2\/categories?post=14614"},{"taxonomy":"post_tag","embeddable":true,"href":"https:\/\/blog.polityka.pl\/chetkowski\/wp-json\/wp\/v2\/tags?post=14614"}],"curies":[{"name":"wp","href":"https:\/\/api.w.org\/{rel}","templated":true}]}}