
{"id":14618,"date":"2025-01-15T18:01:04","date_gmt":"2025-01-15T17:01:04","guid":{"rendered":"https:\/\/chetkowski.blog.polityka.pl\/?p=14618"},"modified":"2025-01-15T18:32:59","modified_gmt":"2025-01-15T17:32:59","slug":"naczelna-rada-lekarzy-rzuca-tuskowi-klody-pod-nogi","status":"publish","type":"post","link":"https:\/\/blog.polityka.pl\/chetkowski\/2025\/01\/15\/naczelna-rada-lekarzy-rzuca-tuskowi-klody-pod-nogi\/","title":{"rendered":"Naczelna Rada Lekarska rzuca Tuskowi k\u0142ody pod nogi"},"content":{"rendered":"\n<p>Lekarzom nie spodoba\u0142y si\u0119 s\u0142owa premiera, \u017ce nie wyobra\u017ca sobie przymuszania dzieci do edukacji zdrowotnej, w tym tak\u017ce wiedzy o zdrowiu seksualnym. Tusk zgodzi\u0142 si\u0119, i\u017c jest to sprawa rodzic\u00f3w. Ludzie musz\u0105 mie\u0107 wyb\u00f3r.<\/p>\n\n\n\n<!--more-->\n\n\n\n<p>Naczelna Rada Lekarska wyda\u0142a wi\u0119c o\u015bwiadczenie, \u017ce nowy przedmiot musi by\u0107 obowi\u0105zkowy, gdy\u017c \u201ejego rola i znaczenie s\u0105 warto\u015bciami nie do przecenienia w budowaniu zdrowego i silnego spo\u0142ecze\u0144stwa\u201d. W politycznym sporze o edukacj\u0119 zdrowotn\u0105 lekarze dolali wi\u0119c oliwy do ognia.\u00a0<\/p>\n\n\n\n<p>Barbara Nowacka, kt\u00f3ra wymy\u015bli\u0142a ten przedmiot jako obowi\u0105zkowy, zyska\u0142a pot\u0119\u017cnego sprzymierze\u0144ca, czyli fachowc\u00f3w od zdrowia. Oni przecie\u017c wiedz\u0105 najlepiej. Lekarze jednak nie wzi\u0119li pod uwag\u0119, i\u017c sprzeciw najpierw ministra obrony, a potem premiera wobec pomys\u0142u Nowackiej wzi\u0105\u0142 si\u0119 z obawy przed pora\u017ck\u0105 w wyborach prezydenckich (czyli wygran\u0105 PiS), natomiast ze zdrowiem nie ma nic wsp\u00f3lnego.<\/p>\n\n\n\n<p>Lekarze mogli wstrzyma\u0107 si\u0119 z wydaniem o\u015bwiadczenia, a\u017c przeminie wrzawa w sprawie edukacji zdrowotnej. Mogli te\u017c wypowiedzie\u0107 si\u0119 w mniej zdecydowany i przez to konfliktowy spos\u00f3b, a nie stawia\u0107 spraw\u0119 na ostrzu no\u017ca. Zreszt\u0105 premiera nie trzeba przekonywa\u0107, tylko rodzic\u00f3w, kt\u00f3rych premier nie chce zrazi\u0107. To do rodzic\u00f3w powinni zwr\u00f3ci\u0107 si\u0119 lekarze. Zamiast jednak szerzy\u0107 wiedz\u0119 w spo\u0142ecze\u0144stwie, postanowili wysmarowa\u0107 o\u015bwiadczenie i uderzy\u0107 nim w Tuska. Klasyczny strza\u0142 w plecy (szczeg\u00f3\u0142y <a href=\"https:\/\/glos.pl\/naczelna-izba-lekarska-nalezy-bezwzglednie-utrzymac-obowiazkowy-charakter-edukacji-zdrowotnej\">tutaj<\/a>).<\/p>\n","protected":false},"excerpt":{"rendered":"<p>Lekarzom nie spodoba\u0142y si\u0119 s\u0142owa premiera, \u017ce nie wyobra\u017ca sobie przymuszania dzieci do edukacji zdrowotnej, w tym tak\u017ce wiedzy o zdrowiu seksualnym. Tusk zgodzi\u0142 si\u0119, i\u017c jest to sprawa rodzic\u00f3w. Ludzie musz\u0105 mie\u0107 wyb\u00f3r.<\/p>\n","protected":false},"author":1,"featured_media":0,"comment_status":"open","ping_status":"closed","sticky":false,"template":"","format":"standard","meta":{"footnotes":""},"categories":[1],"tags":[],"_links":{"self":[{"href":"https:\/\/blog.polityka.pl\/chetkowski\/wp-json\/wp\/v2\/posts\/14618"}],"collection":[{"href":"https:\/\/blog.polityka.pl\/chetkowski\/wp-json\/wp\/v2\/posts"}],"about":[{"href":"https:\/\/blog.polityka.pl\/chetkowski\/wp-json\/wp\/v2\/types\/post"}],"author":[{"embeddable":true,"href":"https:\/\/blog.polityka.pl\/chetkowski\/wp-json\/wp\/v2\/users\/1"}],"replies":[{"embeddable":true,"href":"https:\/\/blog.polityka.pl\/chetkowski\/wp-json\/wp\/v2\/comments?post=14618"}],"version-history":[{"count":2,"href":"https:\/\/blog.polityka.pl\/chetkowski\/wp-json\/wp\/v2\/posts\/14618\/revisions"}],"predecessor-version":[{"id":14620,"href":"https:\/\/blog.polityka.pl\/chetkowski\/wp-json\/wp\/v2\/posts\/14618\/revisions\/14620"}],"wp:attachment":[{"href":"https:\/\/blog.polityka.pl\/chetkowski\/wp-json\/wp\/v2\/media?parent=14618"}],"wp:term":[{"taxonomy":"category","embeddable":true,"href":"https:\/\/blog.polityka.pl\/chetkowski\/wp-json\/wp\/v2\/categories?post=14618"},{"taxonomy":"post_tag","embeddable":true,"href":"https:\/\/blog.polityka.pl\/chetkowski\/wp-json\/wp\/v2\/tags?post=14618"}],"curies":[{"name":"wp","href":"https:\/\/api.w.org\/{rel}","templated":true}]}}