
{"id":14621,"date":"2025-01-17T18:34:55","date_gmt":"2025-01-17T17:34:55","guid":{"rendered":"https:\/\/chetkowski.blog.polityka.pl\/?p=14621"},"modified":"2025-01-17T18:34:55","modified_gmt":"2025-01-17T17:34:55","slug":"katecheci-i-katechetki-beda-musieli-pracowac-w-kilku-szkolach","status":"publish","type":"post","link":"https:\/\/blog.polityka.pl\/chetkowski\/2025\/01\/17\/katecheci-i-katechetki-beda-musieli-pracowac-w-kilku-szkolach\/","title":{"rendered":"Katecheci i katechetki b\u0119d\u0105 musieli pracowa\u0107 w kilku szko\u0142ach"},"content":{"rendered":"\n<p>Barbara Nowacka podpisa\u0142a rozporz\u0105dzenie zmniejszaj\u0105ce liczb\u0119 godzin religii z dw\u00f3ch do jednej w tygodniu. Uderzy to w nauczycieli tego przedmiotu, kt\u00f3rzy od nowego roku szkolnego b\u0119d\u0105 mieli po\u0142ow\u0119 zaj\u0119\u0107. To powa\u017cna zmiana. Wielu po\u017cegna si\u0119 z zawodem, a ci, co zostan\u0105, b\u0119d\u0105 musieli pracowa\u0107 w kilku szko\u0142ach.<\/p>\n\n\n\n<!--more-->\n\n\n\n<p>Sko\u0144cz\u0105 si\u0119 czasy, kiedy w szkole pracowa\u0142o kilkoro nauczycieli religii. W moim liceum zatrudnionych bywa\u0142o nawet czterech ksi\u0119\u017cy jednocze\u015bnie. Obecnie nie ma pracy dla jednego. Klas jest 18, a godzin religii tylko 8 (grupy religii s\u0105 \u0142\u0105czone). Po zmianach, jakie wejd\u0105 w \u017cycie 1 wrze\u015bnia 2025 roku, b\u0119d\u0105 tylko cztery godziny religii w tygodniu. Trzeba a\u017c pi\u0119ciu takich lice\u00f3w, aby uzbiera\u0142o si\u0119 na etat dla katechety lub katechetki.<\/p>\n\n\n\n<p>Tylko bardzo du\u017ca szko\u0142a b\u0119dzie w stanie zaoferowa\u0107 etat. Takich plac\u00f3wek jest niewiele. Osoby ucz\u0105ce religii b\u0119d\u0105 wi\u0119c musia\u0142y biega\u0107 od szko\u0142y do szko\u0142y. Nie b\u0119dzie to jednak mo\u017cliwe, gdy\u017c rozporz\u0105dzenie nakazuje dyrektorom umieszcza\u0107 religi\u0119 jako pierwsz\u0105 lub ostatni\u0105 w planie. W \u015brodku planu tylko wtedy, gdy klasa w komplecie chodzi na religi\u0119. Takich cud\u00f3w jednak nie ma. Katechet\u00f3w czekaj\u0105 wi\u0119c chude lata. W szkole na \u017cycie nie zarobi\u0105.<\/p>\n\n\n\n<p>Rozporz\u0105dzenie ministry edukacji <a href=\"https:\/\/www.gov.pl\/web\/edukacja\/rozporzadzenie-w-sprawie-organizacji-lekcji-religii-podpisane\">tutaj<\/a>.<\/p>\n","protected":false},"excerpt":{"rendered":"<p>Barbara Nowacka podpisa\u0142a rozporz\u0105dzenie zmniejszaj\u0105ce liczb\u0119 godzin religii z dw\u00f3ch do jednej w tygodniu. Uderzy to w nauczycieli tego przedmiotu, kt\u00f3rzy od nowego roku szkolnego b\u0119d\u0105 mieli po\u0142ow\u0119 zaj\u0119\u0107. To powa\u017cna zmiana. Wielu po\u017cegna si\u0119 z zawodem, a ci, co zostan\u0105, b\u0119d\u0105 musieli pracowa\u0107 w kilku szko\u0142ach.<\/p>\n","protected":false},"author":1,"featured_media":0,"comment_status":"open","ping_status":"closed","sticky":false,"template":"","format":"standard","meta":{"footnotes":""},"categories":[1],"tags":[],"_links":{"self":[{"href":"https:\/\/blog.polityka.pl\/chetkowski\/wp-json\/wp\/v2\/posts\/14621"}],"collection":[{"href":"https:\/\/blog.polityka.pl\/chetkowski\/wp-json\/wp\/v2\/posts"}],"about":[{"href":"https:\/\/blog.polityka.pl\/chetkowski\/wp-json\/wp\/v2\/types\/post"}],"author":[{"embeddable":true,"href":"https:\/\/blog.polityka.pl\/chetkowski\/wp-json\/wp\/v2\/users\/1"}],"replies":[{"embeddable":true,"href":"https:\/\/blog.polityka.pl\/chetkowski\/wp-json\/wp\/v2\/comments?post=14621"}],"version-history":[{"count":3,"href":"https:\/\/blog.polityka.pl\/chetkowski\/wp-json\/wp\/v2\/posts\/14621\/revisions"}],"predecessor-version":[{"id":14624,"href":"https:\/\/blog.polityka.pl\/chetkowski\/wp-json\/wp\/v2\/posts\/14621\/revisions\/14624"}],"wp:attachment":[{"href":"https:\/\/blog.polityka.pl\/chetkowski\/wp-json\/wp\/v2\/media?parent=14621"}],"wp:term":[{"taxonomy":"category","embeddable":true,"href":"https:\/\/blog.polityka.pl\/chetkowski\/wp-json\/wp\/v2\/categories?post=14621"},{"taxonomy":"post_tag","embeddable":true,"href":"https:\/\/blog.polityka.pl\/chetkowski\/wp-json\/wp\/v2\/tags?post=14621"}],"curies":[{"name":"wp","href":"https:\/\/api.w.org\/{rel}","templated":true}]}}