
{"id":14625,"date":"2025-01-18T09:07:00","date_gmt":"2025-01-18T08:07:00","guid":{"rendered":"https:\/\/chetkowski.blog.polityka.pl\/?p=14625"},"modified":"2025-01-18T09:54:50","modified_gmt":"2025-01-18T08:54:50","slug":"co-ma-zrobic-nauczyciel-gdy-uczniowie-prosza-go-aby-nie-przestrzegal-prawa","status":"publish","type":"post","link":"https:\/\/blog.polityka.pl\/chetkowski\/2025\/01\/18\/co-ma-zrobic-nauczyciel-gdy-uczniowie-prosza-go-aby-nie-przestrzegal-prawa\/","title":{"rendered":"Co ma zrobi\u0107 nauczyciel, gdy uczniowie prosz\u0105 go, aby nie przestrzega\u0142 prawa?"},"content":{"rendered":"\n<p>Zauwa\u017cy\u0142em, \u017ce uczniowie nie mog\u0105 skupi\u0107 si\u0119 na mojej lekcji, poniewa\u017c czego\u015b si\u0119 pilnie ucz\u0105. Wyja\u015bnili, \u017ce na nast\u0119pnej lekcji maj\u0105 sprawdzian. Jak to? Przecie\u017c prawo szkolne zakazuje przeprowadzania sprawdzian\u00f3w tu\u017c przed klasyfikacj\u0105. No i co z tego?<\/p>\n\n\n\n<!--more-->\n\n\n\n<p>W statucie jest napisane: \u201eNie organizuje si\u0119 sprawdzian\u00f3w w ostatnich dw\u00f3ch tygodniach przed \u015br\u00f3droczn\u0105\/ roczn\u0105 klasyfikacj\u0105\u201d. Koniec i kropka.<\/p>\n\n\n\n<p>Uczniowie odpowiedzieli, \u017ce sami poprosili nauczyciela o taki (czyt. \u201eniezgodny z prawem&#8221;) termin sprawdzianu (klasyfikacja za kilka dni), gdy\u017c tak im bardziej pasuje. Inna klasa, kt\u00f3ra te\u017c mia\u0142a teraz sprawdzian i przez to r\u00f3wnie\u017c nie chcia\u0142a uczy\u0107 si\u0119 polskiego, powiedzia\u0142a, \u017ce to sprawdzian na przysz\u0142y semestr (oceny zostan\u0105 wstawione dopiero w lutym), wi\u0119c nauczyciel uzna\u0142, \u017ce mo\u017ce by\u0107. Jeszcze inna klasa mia\u0142a sprawdzian, kt\u00f3ry nauczyciel obieca\u0142 oceni\u0107 na stopie\u0144 z wag\u0105 zero, wi\u0119c uzna\u0142, \u017ce mo\u017ce go organizowa\u0107 w zakazanym terminie.<\/p>\n\n\n\n<p>Jak wida\u0107, wszystko zale\u017cy od interpretacji prawa i umiej\u0119tno\u015bci kombinowania. Czy nadal kto\u015b my\u015bli, \u017ce szko\u0142a nie przygotowuje do \u017cycia?<\/p>\n","protected":false},"excerpt":{"rendered":"<p>Zauwa\u017cy\u0142em, \u017ce uczniowie nie mog\u0105 skupi\u0107 si\u0119 na mojej lekcji, poniewa\u017c czego\u015b si\u0119 pilnie ucz\u0105. Wyja\u015bnili, \u017ce na nast\u0119pnej lekcji maj\u0105 sprawdzian. Jak to? Przecie\u017c prawo szkolne zakazuje przeprowadzania sprawdzian\u00f3w tu\u017c przed klasyfikacj\u0105. No i co z tego?<\/p>\n","protected":false},"author":1,"featured_media":0,"comment_status":"open","ping_status":"closed","sticky":false,"template":"","format":"standard","meta":{"footnotes":""},"categories":[1],"tags":[],"_links":{"self":[{"href":"https:\/\/blog.polityka.pl\/chetkowski\/wp-json\/wp\/v2\/posts\/14625"}],"collection":[{"href":"https:\/\/blog.polityka.pl\/chetkowski\/wp-json\/wp\/v2\/posts"}],"about":[{"href":"https:\/\/blog.polityka.pl\/chetkowski\/wp-json\/wp\/v2\/types\/post"}],"author":[{"embeddable":true,"href":"https:\/\/blog.polityka.pl\/chetkowski\/wp-json\/wp\/v2\/users\/1"}],"replies":[{"embeddable":true,"href":"https:\/\/blog.polityka.pl\/chetkowski\/wp-json\/wp\/v2\/comments?post=14625"}],"version-history":[{"count":4,"href":"https:\/\/blog.polityka.pl\/chetkowski\/wp-json\/wp\/v2\/posts\/14625\/revisions"}],"predecessor-version":[{"id":14630,"href":"https:\/\/blog.polityka.pl\/chetkowski\/wp-json\/wp\/v2\/posts\/14625\/revisions\/14630"}],"wp:attachment":[{"href":"https:\/\/blog.polityka.pl\/chetkowski\/wp-json\/wp\/v2\/media?parent=14625"}],"wp:term":[{"taxonomy":"category","embeddable":true,"href":"https:\/\/blog.polityka.pl\/chetkowski\/wp-json\/wp\/v2\/categories?post=14625"},{"taxonomy":"post_tag","embeddable":true,"href":"https:\/\/blog.polityka.pl\/chetkowski\/wp-json\/wp\/v2\/tags?post=14625"}],"curies":[{"name":"wp","href":"https:\/\/api.w.org\/{rel}","templated":true}]}}