
{"id":14631,"date":"2025-01-23T18:24:17","date_gmt":"2025-01-23T17:24:17","guid":{"rendered":"https:\/\/chetkowski.blog.polityka.pl\/?p=14631"},"modified":"2025-01-23T18:24:17","modified_gmt":"2025-01-23T17:24:17","slug":"wysokie-miejsce-szkoly-w-rankingach-denerwuje-rodzicow","status":"publish","type":"post","link":"https:\/\/blog.polityka.pl\/chetkowski\/2025\/01\/23\/wysokie-miejsce-szkoly-w-rankingach-denerwuje-rodzicow\/","title":{"rendered":"Wysokie miejsce szko\u0142y w rankingach denerwuje rodzic\u00f3w"},"content":{"rendered":"\n<p>Szko\u0142y chwal\u0105 si\u0119 wysokimi miejscami w Rankingu Perspektywy 2025, a rodzicom puszczaj\u0105 nerwy. Niekt\u00f3rzy nie wytrzymuj\u0105 i wykrzykuj\u0105, \u017ce to przecie\u017c wszystko zas\u0142uga korepetycji. Us\u0142ysza\u0142em tak\u0105 uwag\u0119 na zebraniu wychowawcy z rodzicami. Rzekomo nie powinni\u015bmy tak si\u0119 puszy\u0107.<\/p>\n\n\n\n<!--more-->\n\n\n\n<p>Przyda\u0142oby si\u0119 zrobi\u0107 ranking korepetytor\u00f3w. Niekt\u00f3rzy zas\u0142uguj\u0105 na Z\u0142oty Laur oraz wiele innych zaszczyt\u00f3w. Przypad\u0142y jednak one w udziale szko\u0142om, a nie mistrzom prywatnych lekcji. S\u0105 oni cichymi bohaterami wysokich wynik\u00f3w na maturze.<\/p>\n\n\n\n<p>Nauczyciele jednego liceum, gdzie pracuj\u0119, daj\u0105 prywatne lekcje uczniom mojego drugiego liceum. Dzia\u0142a to w obie strony. To jeden system. Czasem s\u0142ysz\u0119, jak kolega z drugiej szko\u0142y narzeka, \u017ce da\u0142em za trudny sprawdzian. Musia\u0142 si\u0119 przeze mnie napracowa\u0107. Dzi\u0119ki jego pracy i moim metodom nauczania mamy wysokie wyniki.<\/p>\n\n\n\n<p>Ranking Perspektywy 2025 <a href=\"https:\/\/2025.licea.perspektywy.pl\/rankingi\">tutaj<\/a>.<\/p>\n","protected":false},"excerpt":{"rendered":"<p>Szko\u0142y chwal\u0105 si\u0119 wysokimi miejscami w Rankingu Perspektywy 2025, a rodzicom puszczaj\u0105 nerwy. Niekt\u00f3rzy nie wytrzymuj\u0105 i wykrzykuj\u0105, \u017ce to przecie\u017c wszystko zas\u0142uga korepetycji. Us\u0142ysza\u0142em tak\u0105 uwag\u0119 na zebraniu wychowawcy z rodzicami. Rzekomo nie powinni\u015bmy tak si\u0119 puszy\u0107.<\/p>\n","protected":false},"author":1,"featured_media":0,"comment_status":"open","ping_status":"closed","sticky":false,"template":"","format":"standard","meta":{"footnotes":""},"categories":[1],"tags":[],"_links":{"self":[{"href":"https:\/\/blog.polityka.pl\/chetkowski\/wp-json\/wp\/v2\/posts\/14631"}],"collection":[{"href":"https:\/\/blog.polityka.pl\/chetkowski\/wp-json\/wp\/v2\/posts"}],"about":[{"href":"https:\/\/blog.polityka.pl\/chetkowski\/wp-json\/wp\/v2\/types\/post"}],"author":[{"embeddable":true,"href":"https:\/\/blog.polityka.pl\/chetkowski\/wp-json\/wp\/v2\/users\/1"}],"replies":[{"embeddable":true,"href":"https:\/\/blog.polityka.pl\/chetkowski\/wp-json\/wp\/v2\/comments?post=14631"}],"version-history":[{"count":3,"href":"https:\/\/blog.polityka.pl\/chetkowski\/wp-json\/wp\/v2\/posts\/14631\/revisions"}],"predecessor-version":[{"id":14634,"href":"https:\/\/blog.polityka.pl\/chetkowski\/wp-json\/wp\/v2\/posts\/14631\/revisions\/14634"}],"wp:attachment":[{"href":"https:\/\/blog.polityka.pl\/chetkowski\/wp-json\/wp\/v2\/media?parent=14631"}],"wp:term":[{"taxonomy":"category","embeddable":true,"href":"https:\/\/blog.polityka.pl\/chetkowski\/wp-json\/wp\/v2\/categories?post=14631"},{"taxonomy":"post_tag","embeddable":true,"href":"https:\/\/blog.polityka.pl\/chetkowski\/wp-json\/wp\/v2\/tags?post=14631"}],"curies":[{"name":"wp","href":"https:\/\/api.w.org\/{rel}","templated":true}]}}