
{"id":14651,"date":"2025-02-03T15:59:20","date_gmt":"2025-02-03T14:59:20","guid":{"rendered":"https:\/\/chetkowski.blog.polityka.pl\/?p=14651"},"modified":"2025-02-03T15:59:20","modified_gmt":"2025-02-03T14:59:20","slug":"szesc-osob-w-klasie-nie-liczac-nauczyciela","status":"publish","type":"post","link":"https:\/\/blog.polityka.pl\/chetkowski\/2025\/02\/03\/szesc-osob-w-klasie-nie-liczac-nauczyciela\/","title":{"rendered":"Sze\u015b\u0107 os\u00f3b w klasie, nie licz\u0105c nauczyciela"},"content":{"rendered":"\n<p>Kto\u015b m\u00f3g\u0142by pomy\u015ble\u0107, \u017ce tak niska frekwencja to skutek zachorowa\u0144 na gryp\u0119. Okaza\u0142o si\u0119 jednak, \u017ce g\u0142\u00f3wn\u0105 przyczyn\u0105 s\u0105 zimowe ferie krewnych i przyjaci\u00f3\u0142 w innych wojew\u00f3dztwach. Uczniowie chcieli si\u0119 z nimi spotka\u0107, dlatego nie przyszli do szko\u0142y.<\/p>\n\n\n\n<!--more-->\n\n\n\n<p>Te\u017c bardzo ch\u0119tnie zapraszam przyjaci\u00f3\u0142 z r\u00f3\u017cnych stron kraju w czasie moich ferii (zaczn\u0105 si\u0119 za dwa tygodnie). Gdy chc\u0105 przyjecha\u0107 z dzie\u0107mi, musz\u0105 jako\u015b usprawiedliwi\u0107 ich nieobecno\u015b\u0107 w szkole. Najlepiej powiedzie\u0107 wychowawcy prawd\u0119, chyba \u017ce wychowawca \u017ale znosi prawd\u0119. Dzisiaj rodzic nie musi podawa\u0107 \u017cadnej przyczyny, a wychowawca i tak ma obowi\u0105zek usprawiedliwi\u0107.<\/p>\n\n\n\n<p>Moi uczniowie nie kryj\u0105, \u017ce zrobili sobie wolne z powodu ferii w Warszawie. Stolica w tym okresie oferuje tyle atrakcji, \u017ce szkoda nie skorzysta\u0107. No i rodzina zaprasza. Rodzice nie robi\u0105 problem\u00f3w, to ja te\u017c nie b\u0119d\u0119. Poza tym prowadzi\u0107 lekcj\u0119 dla sze\u015bciu os\u00f3b to wielki luksus. Dawno nie mia\u0142em takiej przyjemno\u015bci. Szkoda, \u017ce nie wszyscy maj\u0105 krewnych w Warszawie, by\u0142oby jeszcze przyjemniej.<\/p>\n","protected":false},"excerpt":{"rendered":"<p>Kto\u015b m\u00f3g\u0142by pomy\u015ble\u0107, \u017ce tak niska frekwencja to skutek zachorowa\u0144 na gryp\u0119. Okaza\u0142o si\u0119 jednak, \u017ce g\u0142\u00f3wn\u0105 przyczyn\u0105 s\u0105 zimowe ferie krewnych i przyjaci\u00f3\u0142 w innych wojew\u00f3dztwach. Uczniowie chcieli si\u0119 z nimi spotka\u0107, dlatego nie przyszli do szko\u0142y.<\/p>\n","protected":false},"author":1,"featured_media":0,"comment_status":"open","ping_status":"closed","sticky":false,"template":"","format":"standard","meta":{"footnotes":""},"categories":[1],"tags":[],"_links":{"self":[{"href":"https:\/\/blog.polityka.pl\/chetkowski\/wp-json\/wp\/v2\/posts\/14651"}],"collection":[{"href":"https:\/\/blog.polityka.pl\/chetkowski\/wp-json\/wp\/v2\/posts"}],"about":[{"href":"https:\/\/blog.polityka.pl\/chetkowski\/wp-json\/wp\/v2\/types\/post"}],"author":[{"embeddable":true,"href":"https:\/\/blog.polityka.pl\/chetkowski\/wp-json\/wp\/v2\/users\/1"}],"replies":[{"embeddable":true,"href":"https:\/\/blog.polityka.pl\/chetkowski\/wp-json\/wp\/v2\/comments?post=14651"}],"version-history":[{"count":3,"href":"https:\/\/blog.polityka.pl\/chetkowski\/wp-json\/wp\/v2\/posts\/14651\/revisions"}],"predecessor-version":[{"id":14654,"href":"https:\/\/blog.polityka.pl\/chetkowski\/wp-json\/wp\/v2\/posts\/14651\/revisions\/14654"}],"wp:attachment":[{"href":"https:\/\/blog.polityka.pl\/chetkowski\/wp-json\/wp\/v2\/media?parent=14651"}],"wp:term":[{"taxonomy":"category","embeddable":true,"href":"https:\/\/blog.polityka.pl\/chetkowski\/wp-json\/wp\/v2\/categories?post=14651"},{"taxonomy":"post_tag","embeddable":true,"href":"https:\/\/blog.polityka.pl\/chetkowski\/wp-json\/wp\/v2\/tags?post=14651"}],"curies":[{"name":"wp","href":"https:\/\/api.w.org\/{rel}","templated":true}]}}