
{"id":14655,"date":"2025-02-05T18:31:22","date_gmt":"2025-02-05T17:31:22","guid":{"rendered":"https:\/\/chetkowski.blog.polityka.pl\/?p=14655"},"modified":"2025-02-05T18:31:22","modified_gmt":"2025-02-05T17:31:22","slug":"przez-szkoly-przechodzi-fala-lekcji-o-hejtowaniu","status":"publish","type":"post","link":"https:\/\/blog.polityka.pl\/chetkowski\/2025\/02\/05\/przez-szkoly-przechodzi-fala-lekcji-o-hejtowaniu\/","title":{"rendered":"Przez szko\u0142y przechodzi fala lekcji o hejtowaniu"},"content":{"rendered":"\n<p>Nauczyciele otrzymali nakaz przeprowadzenia lekcji wychowawczych o hejtowaniu. Co najmniej dw\u00f3ch. My\u015bla\u0142em, \u017ce tylko w mojej szkole, ale dosz\u0142y mnie s\u0142uchy, \u017ce to powszechne zadanie. Akcja powoli ogarnia ca\u0142\u0105 Polsk\u0119. Dzisiaj ucze\u0144 nie przyszed\u0142 na moj\u0105 lekcj\u0119, gdy\u017c \u2013 jak wyja\u015bni\u0142 \u2013 zosta\u0142 zaproszony do telewizji, aby opowiedzie\u0107 o tym zjawisku. R\u00f3wnie\u017c o tym, co nauczyciele robi\u0105, aby m\u0142odzie\u017c nie hejtowa\u0142a. No, no!<\/p>\n\n\n\n<!--more-->\n\n\n\n<p>O hejtowaniu m\u00f3wi si\u0119 nie tylko na lekcjach wychowawczych, lecz tak\u017ce przedmiotowych. Podczas jednej z dyskusji uczennica stwierdzi\u0142a, \u017ce wcze\u015bniej nauczyciele nie zwracali uwagi na mow\u0119 nienawi\u015bci, a teraz ka\u017cd\u0105 krytyczn\u0105 uwag\u0119 pod adresem kole\u017canki czy kolegi traktuj\u0105 jak powa\u017cne przest\u0119pstwo. A przecie\u017c nale\u017cy odr\u00f3\u017cnia\u0107 sadystyczne komentarze w sieci, zadawanie okrutnych cios\u00f3w, wr\u0119cz \u015bmierciono\u015bne wy\u015bmiewanie od typowych dla wieku nastoletniego beztroskich uwag, wpis\u00f3w, \u017ce kto\u015b g\u0142upio wygl\u0105da w zbyt obcis\u0142ych d\u017cinsach albo \u017ce ma t\u0142uste w\u0142osy. Okazuje si\u0119, \u017ce \u015bmia\u0107 te\u017c si\u0119 ju\u017c nie mo\u017cna, gdy\u017c w oczach nauczycieli jest si\u0119 hejterem. Nauczyciele oszaleli na punkcie t\u0119pienia hejtu.<\/p>\n\n\n\n<p>To prawda, \u017ce szko\u0142a nie zna umiaru i wychowuje metod\u0105 akcji. Teraz nauczyciele w ka\u017cdym widz\u0105 hejtera, a byle przytyk traktuj\u0105 jako mow\u0119 nienawi\u015bci. Tymczasem \u015bmianie si\u0119 z innych jest cech\u0105 m\u0142odo\u015bci, problemem jest tylko szukanie koz\u0142a ofiarnego i sadystyczne dr\u0119czenie go. Jednak nauczyciele \u2013 zdaniem uczni\u00f3w \u2013 hejt pojmuj\u0105 znacznie szerzej, co bardzo niepokoi m\u0142odzie\u017c. Gdyby wzi\u0105\u0107 na serio te wszystkie lekcje wychowawcze o hejtowaniu, musieliby\u015bmy w og\u00f3le si\u0119 nie \u015bmia\u0107. Tylko jak tu si\u0119 nie \u015bmia\u0107, gdy wok\u00f3\u0142 tyle g\u0142upoty?<\/p>\n","protected":false},"excerpt":{"rendered":"<p>Nauczyciele otrzymali nakaz przeprowadzenia lekcji wychowawczych o hejtowaniu. Co najmniej dw\u00f3ch. My\u015bla\u0142em, \u017ce tylko w mojej szkole, ale dosz\u0142y mnie s\u0142uchy, \u017ce to powszechne zadanie. Akcja powoli ogarnia ca\u0142\u0105 Polsk\u0119. Dzisiaj ucze\u0144 nie przyszed\u0142 na moj\u0105 lekcj\u0119, gdy\u017c \u2013 jak wyja\u015bni\u0142 \u2013 zosta\u0142 zaproszony do telewizji, aby opowiedzie\u0107 o tym zjawisku. R\u00f3wnie\u017c o tym, co [&hellip;]<\/p>\n","protected":false},"author":1,"featured_media":0,"comment_status":"open","ping_status":"closed","sticky":false,"template":"","format":"standard","meta":{"footnotes":""},"categories":[1],"tags":[],"_links":{"self":[{"href":"https:\/\/blog.polityka.pl\/chetkowski\/wp-json\/wp\/v2\/posts\/14655"}],"collection":[{"href":"https:\/\/blog.polityka.pl\/chetkowski\/wp-json\/wp\/v2\/posts"}],"about":[{"href":"https:\/\/blog.polityka.pl\/chetkowski\/wp-json\/wp\/v2\/types\/post"}],"author":[{"embeddable":true,"href":"https:\/\/blog.polityka.pl\/chetkowski\/wp-json\/wp\/v2\/users\/1"}],"replies":[{"embeddable":true,"href":"https:\/\/blog.polityka.pl\/chetkowski\/wp-json\/wp\/v2\/comments?post=14655"}],"version-history":[{"count":2,"href":"https:\/\/blog.polityka.pl\/chetkowski\/wp-json\/wp\/v2\/posts\/14655\/revisions"}],"predecessor-version":[{"id":14657,"href":"https:\/\/blog.polityka.pl\/chetkowski\/wp-json\/wp\/v2\/posts\/14655\/revisions\/14657"}],"wp:attachment":[{"href":"https:\/\/blog.polityka.pl\/chetkowski\/wp-json\/wp\/v2\/media?parent=14655"}],"wp:term":[{"taxonomy":"category","embeddable":true,"href":"https:\/\/blog.polityka.pl\/chetkowski\/wp-json\/wp\/v2\/categories?post=14655"},{"taxonomy":"post_tag","embeddable":true,"href":"https:\/\/blog.polityka.pl\/chetkowski\/wp-json\/wp\/v2\/tags?post=14655"}],"curies":[{"name":"wp","href":"https:\/\/api.w.org\/{rel}","templated":true}]}}