
{"id":14658,"date":"2025-02-06T17:43:40","date_gmt":"2025-02-06T16:43:40","guid":{"rendered":"https:\/\/chetkowski.blog.polityka.pl\/?p=14658"},"modified":"2025-02-06T23:00:11","modified_gmt":"2025-02-06T22:00:11","slug":"nie-wszyscy-zostana-dopuszczeni-do-matury","status":"publish","type":"post","link":"https:\/\/blog.polityka.pl\/chetkowski\/2025\/02\/06\/nie-wszyscy-zostana-dopuszczeni-do-matury\/","title":{"rendered":"Nie wszyscy zostan\u0105 dopuszczeni do matury"},"content":{"rendered":"\n<p>Dawniej o dopuszczeniu do matury decydowali nauczyciele. Dzisiaj robi\u0105 to urz\u0119dnicy Centralnej Komisji Egzaminacyjnej. Niezmienna jednak pozostaje zasada, \u017ce nie ka\u017cdy otrzyma to prawo.<\/p>\n\n\n\n<!--more-->\n\n\n\n<p>Do matury nie b\u0119d\u0105 mogli przyst\u0105pi\u0107 absolwenci, kt\u00f3rzy nie z\u0142o\u017c\u0105 w terminie deklaracji o wyborze przedmiot\u00f3w zdawanych na poziomie podstawowym (Kt\u00f3ry j\u0119zyk obcy?) i rozszerzonym (Ile przedmiot\u00f3w i jakie?). Termin deklarowania zosta\u0142 zmieniony. W poprzednich latach maturzy\u015bci sk\u0142adali deklaracj\u0119 dwukrotnie: wst\u0119pn\u0105 do ko\u0144ca wrze\u015bnia i ostateczn\u0105 do 7 lutego. Obecnie sk\u0142adaj\u0105 tylko raz: do 7 lutego. Jutro mija ten termin. Kto nie z\u0142o\u017cy deklaracji do pi\u0105tku, kolejn\u0105 szans\u0119 b\u0119dzie mia\u0142 dopiero za rok.<\/p>\n\n\n\n<p>Wi\u0119kszo\u015b\u0107 uczni\u00f3w mojego lice\u00f3w z\u0142o\u017cy\u0142a takie deklaracje, ale nie wszyscy. Albo nie b\u0119d\u0105 w tym roku przyst\u0119powa\u0107 do matury, albo zapomnieli o gruntownej zmianie terminu. Pr\u00f3bowali\u015bmy si\u0119 dodzwoni\u0107, jednak bez skutku. W ko\u0144cu dali\u015bmy spok\u00f3j. To ich decyzja.<\/p>\n\n\n\n<p>Drugim warunkiem dopuszczenia do matury jest uko\u0144czenie szko\u0142y \u015bredniej, tzw. maturalnej. O tym wci\u0105\u017c decyduj\u0105 nauczyciele.<\/p>\n","protected":false},"excerpt":{"rendered":"<p>Dawniej o dopuszczeniu do matury decydowali nauczyciele. Dzisiaj robi\u0105 to urz\u0119dnicy Centralnej Komisji Egzaminacyjnej. Niezmienna jednak pozostaje zasada, \u017ce nie ka\u017cdy otrzyma to prawo.<\/p>\n","protected":false},"author":1,"featured_media":0,"comment_status":"open","ping_status":"closed","sticky":false,"template":"","format":"standard","meta":{"footnotes":""},"categories":[1],"tags":[],"_links":{"self":[{"href":"https:\/\/blog.polityka.pl\/chetkowski\/wp-json\/wp\/v2\/posts\/14658"}],"collection":[{"href":"https:\/\/blog.polityka.pl\/chetkowski\/wp-json\/wp\/v2\/posts"}],"about":[{"href":"https:\/\/blog.polityka.pl\/chetkowski\/wp-json\/wp\/v2\/types\/post"}],"author":[{"embeddable":true,"href":"https:\/\/blog.polityka.pl\/chetkowski\/wp-json\/wp\/v2\/users\/1"}],"replies":[{"embeddable":true,"href":"https:\/\/blog.polityka.pl\/chetkowski\/wp-json\/wp\/v2\/comments?post=14658"}],"version-history":[{"count":5,"href":"https:\/\/blog.polityka.pl\/chetkowski\/wp-json\/wp\/v2\/posts\/14658\/revisions"}],"predecessor-version":[{"id":14664,"href":"https:\/\/blog.polityka.pl\/chetkowski\/wp-json\/wp\/v2\/posts\/14658\/revisions\/14664"}],"wp:attachment":[{"href":"https:\/\/blog.polityka.pl\/chetkowski\/wp-json\/wp\/v2\/media?parent=14658"}],"wp:term":[{"taxonomy":"category","embeddable":true,"href":"https:\/\/blog.polityka.pl\/chetkowski\/wp-json\/wp\/v2\/categories?post=14658"},{"taxonomy":"post_tag","embeddable":true,"href":"https:\/\/blog.polityka.pl\/chetkowski\/wp-json\/wp\/v2\/tags?post=14658"}],"curies":[{"name":"wp","href":"https:\/\/api.w.org\/{rel}","templated":true}]}}