
{"id":14665,"date":"2025-02-07T17:23:58","date_gmt":"2025-02-07T16:23:58","guid":{"rendered":"https:\/\/chetkowski.blog.polityka.pl\/?p=14665"},"modified":"2025-02-07T17:23:58","modified_gmt":"2025-02-07T16:23:58","slug":"nauczyciele-wykluczeni-z-bonu-na-laptop-maja-zal","status":"publish","type":"post","link":"https:\/\/blog.polityka.pl\/chetkowski\/2025\/02\/07\/nauczyciele-wykluczeni-z-bonu-na-laptop-maja-zal\/","title":{"rendered":"Nauczyciele wykluczeni z bonu na laptop maj\u0105 \u017cal"},"content":{"rendered":"\n<p>Kolejne grupy nauczycieli ze zdumieniem odkrywaj\u0105, \u017ce nie otrzymaj\u0105 bonu na laptop. Kiedy dwa temu powstawa\u0142 program ucyfrowienia o\u015bwiaty, rz\u0105d PiS zastrzeg\u0142, \u017ce dofinansowanie przys\u0142uguje tylko tym nauczycielom, kt\u00f3rzy \u201e30 wrze\u015bnia 2023 pozostaj\u0105 w stosunku pracy\u201d. Okazuje si\u0119, \u017ce wci\u0105\u017c obowi\u0105zuje ta data.<\/p>\n\n\n\n<!--more-->\n\n\n\n<p>Realizacja programu \u201eLaptop dla nauczyciela\u201d rozci\u0105gn\u0119\u0142a si\u0119 w czasie (pisz\u0119 o tym szerzej <a href=\"https:\/\/www.polityka.pl\/tygodnikpolityka\/spoleczenstwo\/2288111,1,laptop-nie-dla-kazdego-nauczyciela-nie-tak-mialo-byc-rzad-sie-zmienia-spiewka-ta-sama.read?src=mt\" data-type=\"link\" data-id=\"https:\/\/www.polityka.pl\/tygodnikpolityka\/spoleczenstwo\/2288111,1,laptop-nie-dla-kazdego-nauczyciela-nie-tak-mialo-byc-rzad-sie-zmienia-spiewka-ta-sama.read?src=mt\">tutaj<\/a>). Do tej pory bon otrzymali tylko nauczyciele klas IV-VIII. Pozostali ubiegaj\u0105 si\u0119 dopiero teraz. Okazuje si\u0119, \u017ce jak kto\u015b 30 wrze\u015bnia 2023 by\u0142 na urlopie na poratowanie zdrowia lub z innego powodu nie wykonywa\u0142 wtedy pracy, zosta\u0142 wykluczony z prawa do otrzymania bonu. To, \u017ce teraz uczy w szkole, nie ma znaczenia. Musi kupi\u0107 laptop za swoje pieni\u0105dze.<\/p>\n\n\n\n<p>Wszystko przez to, \u017ce nowy rz\u0105d nie potrafi\u0142 skorygowa\u0107 daty ustalonej przez poprzedni\u0105 w\u0142adz\u0119. Skoro druga edycja programu ruszy\u0142a dopiero 27 stycznia 2025 roku, nale\u017ca\u0142o jako dat\u0119 \u201epozostawania w stosunku pracy\u201d, uprawniaj\u0105c\u0105 do bonu, wprowadzi\u0107 ten w\u0142a\u015bnie dzie\u0144, a nie p\u00f3\u0142tora roku wcze\u015bniej. Niestety nikt w MEN o tym nie pomy\u015bla\u0142.<\/p>\n","protected":false},"excerpt":{"rendered":"<p>Kolejne grupy nauczycieli ze zdumieniem odkrywaj\u0105, \u017ce nie otrzymaj\u0105 bonu na laptop. Kiedy dwa temu powstawa\u0142 program ucyfrowienia o\u015bwiaty, rz\u0105d PiS zastrzeg\u0142, \u017ce dofinansowanie przys\u0142uguje tylko tym nauczycielom, kt\u00f3rzy \u201e30 wrze\u015bnia 2023 pozostaj\u0105 w stosunku pracy\u201d. Okazuje si\u0119, \u017ce wci\u0105\u017c obowi\u0105zuje ta data.<\/p>\n","protected":false},"author":1,"featured_media":0,"comment_status":"open","ping_status":"closed","sticky":false,"template":"","format":"standard","meta":{"footnotes":""},"categories":[1],"tags":[],"_links":{"self":[{"href":"https:\/\/blog.polityka.pl\/chetkowski\/wp-json\/wp\/v2\/posts\/14665"}],"collection":[{"href":"https:\/\/blog.polityka.pl\/chetkowski\/wp-json\/wp\/v2\/posts"}],"about":[{"href":"https:\/\/blog.polityka.pl\/chetkowski\/wp-json\/wp\/v2\/types\/post"}],"author":[{"embeddable":true,"href":"https:\/\/blog.polityka.pl\/chetkowski\/wp-json\/wp\/v2\/users\/1"}],"replies":[{"embeddable":true,"href":"https:\/\/blog.polityka.pl\/chetkowski\/wp-json\/wp\/v2\/comments?post=14665"}],"version-history":[{"count":1,"href":"https:\/\/blog.polityka.pl\/chetkowski\/wp-json\/wp\/v2\/posts\/14665\/revisions"}],"predecessor-version":[{"id":14666,"href":"https:\/\/blog.polityka.pl\/chetkowski\/wp-json\/wp\/v2\/posts\/14665\/revisions\/14666"}],"wp:attachment":[{"href":"https:\/\/blog.polityka.pl\/chetkowski\/wp-json\/wp\/v2\/media?parent=14665"}],"wp:term":[{"taxonomy":"category","embeddable":true,"href":"https:\/\/blog.polityka.pl\/chetkowski\/wp-json\/wp\/v2\/categories?post=14665"},{"taxonomy":"post_tag","embeddable":true,"href":"https:\/\/blog.polityka.pl\/chetkowski\/wp-json\/wp\/v2\/tags?post=14665"}],"curies":[{"name":"wp","href":"https:\/\/api.w.org\/{rel}","templated":true}]}}