
{"id":14668,"date":"2025-02-10T17:45:40","date_gmt":"2025-02-10T16:45:40","guid":{"rendered":"https:\/\/chetkowski.blog.polityka.pl\/?p=14668"},"modified":"2025-02-10T17:45:40","modified_gmt":"2025-02-10T16:45:40","slug":"laptopy-apple-nie-dla-nauczycieli","status":"publish","type":"post","link":"https:\/\/blog.polityka.pl\/chetkowski\/2025\/02\/10\/laptopy-apple-nie-dla-nauczycieli\/","title":{"rendered":"Laptopy Apple nie dla nauczycieli?"},"content":{"rendered":"\n<p>Z programu \u201eLaptop dla nauczyciela\u201d niespodziewanie wypad\u0142y laptopy marki Apple. Na razie nie mo\u017cna ich kupi\u0107 z wykorzystaniem bonu, gdy\u017c \u2013 jak lakonicznie informuje strona rz\u0105dowa \u2013 nie spe\u0142niaj\u0105 minimalnych wymaga\u0144 okre\u015blonych w ministerialnym rozporz\u0105dzeniu. \u017baden MacBook nie nadaje si\u0119 do szko\u0142y?<\/p>\n\n\n\n<!--more-->\n\n\n\n<p>MEN nie informuje otwarcie i szczeg\u00f3\u0142owo o problemie, tylko p\u00f3\u0142g\u0119bkiem przyznaje, i\u017c laptopy Apple wylecia\u0142y z programu (szczeg\u00f3\u0142y <a href=\"https:\/\/www.gov.pl\/web\/cyfryzacja\/dostepnosc-laptopow-apple-w-ramach-programu-laptop-dla-nauczyciela\">tutaj<\/a>). Idiotyczna decyzja. Nauczyciele pierwszej edycji programu kupowali ch\u0119tnie produkty tej firmy, teraz to si\u0119 nagle uci\u0119\u0142o. Kolega, kt\u00f3ry uczy w mojej szkole oraz w podstaw\u00f3wce, m\u00f3wi, \u017ce cudem zd\u0105\u017cy\u0142. Obecnie sklepy oferuj\u0105ce produkty Apple informuj\u0105 zainteresowanych nauczycieli, \u017ce trzeba czeka\u0107, a\u017c rz\u0105d zmieni decyzj\u0119. Tylko czy zmieni (szczeg\u00f3\u0142y <a href=\"https:\/\/ispot.pl\/bon-dla-nauczyciela\">tutaj<\/a>)?<\/p>\n\n\n\n<p>Od lat nauczyciele, kt\u00f3rych na to sta\u0107, wykorzystuj\u0105 produkty Apple w pracy szkolnej. Ci, kt\u00f3rych nie sta\u0107 na taki wydatek, zazdro\u015bcili kolegom i kole\u017cankom. Dzi\u0119ki rz\u0105dowemu dofinansowaniu by\u0142a nadzieja, \u017ce nauczyciele kupi\u0105 takie laptopy, jakie lubi\u0105, cho\u0107by Apple. Rz\u0105d jednak uzna\u0142, \u017ce wie lepiej, jaki sprz\u0119t jest dobry do pracy z dzie\u0107mi. Wyda\u0142 wi\u0119c takie rozporz\u0105dzenie, aby nauczyciele o pewnych produktach nawet nie marzyli.<\/p>\n","protected":false},"excerpt":{"rendered":"<p>Z programu \u201eLaptop dla nauczyciela\u201d niespodziewanie wypad\u0142y laptopy marki Apple. Na razie nie mo\u017cna ich kupi\u0107 z wykorzystaniem bonu, gdy\u017c \u2013 jak lakonicznie informuje strona rz\u0105dowa \u2013 nie spe\u0142niaj\u0105 minimalnych wymaga\u0144 okre\u015blonych w ministerialnym rozporz\u0105dzeniu. \u017baden MacBook nie nadaje si\u0119 do szko\u0142y?<\/p>\n","protected":false},"author":1,"featured_media":0,"comment_status":"open","ping_status":"closed","sticky":false,"template":"","format":"standard","meta":{"footnotes":""},"categories":[1],"tags":[],"_links":{"self":[{"href":"https:\/\/blog.polityka.pl\/chetkowski\/wp-json\/wp\/v2\/posts\/14668"}],"collection":[{"href":"https:\/\/blog.polityka.pl\/chetkowski\/wp-json\/wp\/v2\/posts"}],"about":[{"href":"https:\/\/blog.polityka.pl\/chetkowski\/wp-json\/wp\/v2\/types\/post"}],"author":[{"embeddable":true,"href":"https:\/\/blog.polityka.pl\/chetkowski\/wp-json\/wp\/v2\/users\/1"}],"replies":[{"embeddable":true,"href":"https:\/\/blog.polityka.pl\/chetkowski\/wp-json\/wp\/v2\/comments?post=14668"}],"version-history":[{"count":1,"href":"https:\/\/blog.polityka.pl\/chetkowski\/wp-json\/wp\/v2\/posts\/14668\/revisions"}],"predecessor-version":[{"id":14669,"href":"https:\/\/blog.polityka.pl\/chetkowski\/wp-json\/wp\/v2\/posts\/14668\/revisions\/14669"}],"wp:attachment":[{"href":"https:\/\/blog.polityka.pl\/chetkowski\/wp-json\/wp\/v2\/media?parent=14668"}],"wp:term":[{"taxonomy":"category","embeddable":true,"href":"https:\/\/blog.polityka.pl\/chetkowski\/wp-json\/wp\/v2\/categories?post=14668"},{"taxonomy":"post_tag","embeddable":true,"href":"https:\/\/blog.polityka.pl\/chetkowski\/wp-json\/wp\/v2\/tags?post=14668"}],"curies":[{"name":"wp","href":"https:\/\/api.w.org\/{rel}","templated":true}]}}