
{"id":14670,"date":"2025-02-15T18:49:09","date_gmt":"2025-02-15T17:49:09","guid":{"rendered":"https:\/\/chetkowski.blog.polityka.pl\/?p=14670"},"modified":"2025-02-15T18:49:09","modified_gmt":"2025-02-15T17:49:09","slug":"nie-zakazujcie-w-szkolach-smartfonow","status":"publish","type":"post","link":"https:\/\/blog.polityka.pl\/chetkowski\/2025\/02\/15\/nie-zakazujcie-w-szkolach-smartfonow\/","title":{"rendered":"Nie zakazujcie w szko\u0142ach smartfon\u00f3w"},"content":{"rendered":"\n<p>By\u0142em z uczniami w teatrze na przedstawieniu porannym. Aktorzy o 9:00 grali \u015brednio, ale uczni\u00f3w niewiele to obchodzi\u0142o, gdy\u017c zajmowali si\u0119 smartfonami. Nie wszyscy, ale jak rzuci\u0142em okiem, to w ka\u017cdym rz\u0119dzie widzia\u0142em kilka os\u00f3b, kt\u00f3re klika\u0142y w telefony. Kto nawet tego nie robi\u0142, nie mia\u0142 szans skupi\u0107 si\u0119 na przedstawieniu.<\/p>\n\n\n\n<!--more-->\n\n\n\n<p>Uwielbiam, jak uczniowie to robi\u0105 na lekcji. Wtedy mam pewno\u015b\u0107, \u017ce nikt nie ocenia mojej pracy. Mog\u0105 by\u0107 nieprzygotowany i fatalnie prowadzi\u0107 zaj\u0119cia, a uczniom jest wszystko jedno, gdy\u017c maj\u0105 wa\u017cniejsze sprawy ni\u017c nauka. Odk\u0105d upowszechni\u0142y si\u0119 smartfony, nie musz\u0119 si\u0119 stara\u0107.<\/p>\n\n\n\n<p>Po przedstawieniu by\u0142o spotkanie z aktorami. Pami\u0119tam, jak \u0107wier\u0107 wieku temu by\u0142 w \u0141odzi Jan Peszek i gra\u0142 dla moich uczni\u00f3w jako tako. M\u0142odzie\u017c nie darowa\u0142a mu najmniejszego potkni\u0119cia, tylko wszystko po spektaklu wygarn\u0119\u0142a. Zrobi\u0142o si\u0119 nieprzyjemnie. Ale to by\u0142o w czasach sprzed smartfon\u00f3w. Aktorzy musieli si\u0119 stara\u0107, nie mogli dorabia\u0107 na prawo i lewo, a potem nie by\u0107 w formie. Teraz najwi\u0119ksze przepracowanie i totalny nawet brak formy przechodz\u0105 niezauwa\u017cone, gdy\u017c m\u0142odzi widzowie wol\u0105 swoje telefony. Jak\u017ce to pi\u0119kne!<\/p>\n\n\n\n<p>MEN planuje zakaza\u0107 w szko\u0142ach smartfon\u00f3w. Je\u015bli to zrobi i uczniowie zaczn\u0105 obserwowa\u0107 prac\u0119 nauczycieli, wyjdzie na jaw, \u017ce jeste\u015bmy przepracowani, nieprzygotowani do lekcji, \u017ce odgrzewamy stare kotlety, pope\u0142niamy b\u0142\u0119dy, \u017ce nie mamy si\u0142y si\u0119 stara\u0107 itd. Lepiej wi\u0119c, \u017ceby m\u0142odzie\u017c trzyma\u0142a w r\u0119kach smartfony i nami\u0119tnie klika\u0142a, a wtedy wszystko nam \u2013 nauczycielom, aktorom te\u017c \u2013 ujdzie na sucho.<\/p>\n","protected":false},"excerpt":{"rendered":"<p>By\u0142em z uczniami w teatrze na przedstawieniu porannym. Aktorzy o 9:00 grali \u015brednio, ale uczni\u00f3w niewiele to obchodzi\u0142o, gdy\u017c zajmowali si\u0119 smartfonami. Nie wszyscy, ale jak rzuci\u0142em okiem, to w ka\u017cdym rz\u0119dzie widzia\u0142em kilka os\u00f3b, kt\u00f3re klika\u0142y w telefony. Kto nawet tego nie robi\u0142, nie mia\u0142 szans skupi\u0107 si\u0119 na przedstawieniu.<\/p>\n","protected":false},"author":1,"featured_media":0,"comment_status":"open","ping_status":"closed","sticky":false,"template":"","format":"standard","meta":{"footnotes":""},"categories":[1],"tags":[],"_links":{"self":[{"href":"https:\/\/blog.polityka.pl\/chetkowski\/wp-json\/wp\/v2\/posts\/14670"}],"collection":[{"href":"https:\/\/blog.polityka.pl\/chetkowski\/wp-json\/wp\/v2\/posts"}],"about":[{"href":"https:\/\/blog.polityka.pl\/chetkowski\/wp-json\/wp\/v2\/types\/post"}],"author":[{"embeddable":true,"href":"https:\/\/blog.polityka.pl\/chetkowski\/wp-json\/wp\/v2\/users\/1"}],"replies":[{"embeddable":true,"href":"https:\/\/blog.polityka.pl\/chetkowski\/wp-json\/wp\/v2\/comments?post=14670"}],"version-history":[{"count":4,"href":"https:\/\/blog.polityka.pl\/chetkowski\/wp-json\/wp\/v2\/posts\/14670\/revisions"}],"predecessor-version":[{"id":14674,"href":"https:\/\/blog.polityka.pl\/chetkowski\/wp-json\/wp\/v2\/posts\/14670\/revisions\/14674"}],"wp:attachment":[{"href":"https:\/\/blog.polityka.pl\/chetkowski\/wp-json\/wp\/v2\/media?parent=14670"}],"wp:term":[{"taxonomy":"category","embeddable":true,"href":"https:\/\/blog.polityka.pl\/chetkowski\/wp-json\/wp\/v2\/categories?post=14670"},{"taxonomy":"post_tag","embeddable":true,"href":"https:\/\/blog.polityka.pl\/chetkowski\/wp-json\/wp\/v2\/tags?post=14670"}],"curies":[{"name":"wp","href":"https:\/\/api.w.org\/{rel}","templated":true}]}}