
{"id":14680,"date":"2025-02-18T15:41:23","date_gmt":"2025-02-18T14:41:23","guid":{"rendered":"https:\/\/chetkowski.blog.polityka.pl\/?p=14680"},"modified":"2025-02-18T15:41:23","modified_gmt":"2025-02-18T14:41:23","slug":"nauczyciele-nie-chca-byc-wychowawcami","status":"publish","type":"post","link":"https:\/\/blog.polityka.pl\/chetkowski\/2025\/02\/18\/nauczyciele-nie-chca-byc-wychowawcami\/","title":{"rendered":"Nauczyciele nie chc\u0105 by\u0107 wychowawcami"},"content":{"rendered":"\n<p>Wychowawcom przyby\u0142o obowi\u0105zk\u00f3w, a MEN wzbrania si\u0119 przed podwy\u017cszeniem minimalnego dodatku za wychowawstwo. Od kilku lat wynosi on 300 z\u0142 brutto miesi\u0119cznie, czyli w przeliczeniu na ucznia ok. 10 z\u0142 (7 z\u0142 netto). Praca wychowawcy zosta\u0142a wyceniona tak nisko, \u017ce prawie nikt nie chce si\u0119 jej podj\u0105\u0107.<\/p>\n\n\n\n<!--more-->\n\n\n\n<p>Obowi\u0105zk\u00f3w jest wi\u0119cej cho\u0107by z tego powodu, \u017ce dzieci znajduj\u0105 si\u0119 w kryzysie emocjonalnym. Dyrektorzy nakazuj\u0105 wychowawcom prowadzi\u0107 bardzo drobiazgow\u0105 dokumentacj\u0119, aby w razie incydentu \u2013 np. agresji, pr\u00f3b samob\u00f3jczych, cyberprzemocy \u2013 mo\u017cna by\u0142o si\u0119 wykaza\u0107 przed nieuchronn\u0105 w takiej sytuacji kontrol\u0105, \u017ce szko\u0142a niczego nie zaniedba\u0142a. Od czasu pandemii, kiedy to wra\u017cliwo\u015b\u0107 i potrzeby dzieci bardzo wzros\u0142y, wychowawcy maj\u0105 huk roboty. Wi\u0119cej oczekuj\u0105 te\u017c rodzice. Zap\u0142ata za to jest symboliczna.<\/p>\n\n\n\n<p>Zamiast po\u015bwi\u0119ca\u0107 czas na niskop\u0142atne czynno\u015bci wychowawcze, nauczyciele wol\u0105 dorabia\u0107 w drugiej szkole albo na korepetycjach. Niekt\u00f3rzy przy podpisywaniu umowy zastrzegaj\u0105, \u017ce wychowawcami nie b\u0119d\u0105. Dyrektorom coraz trudniej znale\u017a\u0107 ch\u0119tnych do obj\u0119cia tej funkcji. Stosuj\u0105 r\u00f3\u017cne sztuczki, zwykle zmuszaj\u0105 osoby b\u0119d\u0105ce w trakcie ubiegania si\u0119 o awans lub wnioskuj\u0105ce o ocen\u0119 pracy. ZNP zabiega w MEN o podwy\u017cszenie dodatku dla wychowawcy o 200 z\u0142 (z 300 do 500), czyli o niewiele (szczeg\u00f3\u0142y <a href=\"https:\/\/glos.pl\/dodatek-funkcyjny-za-wychowawstwo-bedzie-wyzszy-men-rozwaza-zmiane\">tutaj<\/a>). Rynek oferuje znacznie wi\u0119cej.<\/p>\n","protected":false},"excerpt":{"rendered":"<p>Wychowawcom przyby\u0142o obowi\u0105zk\u00f3w, a MEN wzbrania si\u0119 przed podwy\u017cszeniem minimalnego dodatku za wychowawstwo. Od kilku lat wynosi on 300 z\u0142 brutto miesi\u0119cznie, czyli w przeliczeniu na ucznia ok. 10 z\u0142 (7 z\u0142 netto). Praca wychowawcy zosta\u0142a wyceniona tak nisko, \u017ce prawie nikt nie chce si\u0119 jej podj\u0105\u0107.<\/p>\n","protected":false},"author":1,"featured_media":0,"comment_status":"open","ping_status":"closed","sticky":false,"template":"","format":"standard","meta":{"footnotes":""},"categories":[1],"tags":[],"_links":{"self":[{"href":"https:\/\/blog.polityka.pl\/chetkowski\/wp-json\/wp\/v2\/posts\/14680"}],"collection":[{"href":"https:\/\/blog.polityka.pl\/chetkowski\/wp-json\/wp\/v2\/posts"}],"about":[{"href":"https:\/\/blog.polityka.pl\/chetkowski\/wp-json\/wp\/v2\/types\/post"}],"author":[{"embeddable":true,"href":"https:\/\/blog.polityka.pl\/chetkowski\/wp-json\/wp\/v2\/users\/1"}],"replies":[{"embeddable":true,"href":"https:\/\/blog.polityka.pl\/chetkowski\/wp-json\/wp\/v2\/comments?post=14680"}],"version-history":[{"count":2,"href":"https:\/\/blog.polityka.pl\/chetkowski\/wp-json\/wp\/v2\/posts\/14680\/revisions"}],"predecessor-version":[{"id":14682,"href":"https:\/\/blog.polityka.pl\/chetkowski\/wp-json\/wp\/v2\/posts\/14680\/revisions\/14682"}],"wp:attachment":[{"href":"https:\/\/blog.polityka.pl\/chetkowski\/wp-json\/wp\/v2\/media?parent=14680"}],"wp:term":[{"taxonomy":"category","embeddable":true,"href":"https:\/\/blog.polityka.pl\/chetkowski\/wp-json\/wp\/v2\/categories?post=14680"},{"taxonomy":"post_tag","embeddable":true,"href":"https:\/\/blog.polityka.pl\/chetkowski\/wp-json\/wp\/v2\/tags?post=14680"}],"curies":[{"name":"wp","href":"https:\/\/api.w.org\/{rel}","templated":true}]}}