
{"id":14687,"date":"2025-02-26T18:52:59","date_gmt":"2025-02-26T17:52:59","guid":{"rendered":"https:\/\/chetkowski.blog.polityka.pl\/?p=14687"},"modified":"2025-02-26T18:52:59","modified_gmt":"2025-02-26T17:52:59","slug":"sad-najwyzszy-nakazal-placic-nauczycielom-za-nadgodziny","status":"publish","type":"post","link":"https:\/\/blog.polityka.pl\/chetkowski\/2025\/02\/26\/sad-najwyzszy-nakazal-placic-nauczycielom-za-nadgodziny\/","title":{"rendered":"S\u0105d Najwy\u017cszy nakaza\u0142 p\u0142aci\u0107 nauczycielom za nadgodziny"},"content":{"rendered":"\n<p>Nauczyciele mog\u0105 wypracowa\u0107 godziny ponadwymiarowe (lekcje ponad 18-godzinne pensum w tygodniu) i nadliczbowe (ka\u017cda inna praca ponad 40 godzin w tygodniu, np. opieku\u0144cza). Za dodatkowe lekcje zwykle pracodawca p\u0142aci, natomiast za nadliczb\u00f3wki najcz\u0119\u015bciej nie. S\u0105d Najwy\u017cszy nakaza\u0142 p\u0142aci\u0107 za ka\u017cdy rodzaj nadgodzin, zatem r\u00f3wnie\u017c za prac\u0119 w godzinach nadliczbowych, np. za opiek\u0119 na kilkudniowych wycieczkach, za weekendowe wyjazdy z uczniami itd.<\/p>\n\n\n\n<!--more-->\n\n\n\n<p>Lekcje ponad pensum \u0142atwo policzy\u0107, gdy\u017c s\u0105 one zapisane w dzienniku. Znacznie trudniej policzy\u0107 inn\u0105 prac\u0119. Kiedy na przyk\u0142ad jad\u0119 z olimpijczykiem w sobot\u0119 na zawody do Warszawy, oczekuj\u0119 od pracodawcy zap\u0142aty lub dnia wolnego. Opieka nad zdolnym uczniem to przecie\u017c moja praca, a dla szko\u0142y splendor. Podobnie chcia\u0142bym by\u0107 traktowany, gdy opiekuj\u0119 si\u0119 uczniami na wycieczce, kt\u00f3ra trwa dzie\u0144 i noc, nieraz tak\u017ce w weekend.&nbsp;<\/p>\n\n\n\n<p>Albo dodatkowa zap\u0142ata, albo dni wolne. A je\u015bli dyrektor ka\u017ce nauczycielowi, aby w \u015bwi\u0119to pa\u0144stwowe, np. 11 listopada, pokaza\u0142 si\u0119 wraz z grup\u0105 uczni\u00f3w ze sztandarem szko\u0142y, to musi za to zap\u0142aci\u0107. Nie p\u0142aci jednak za nadliczb\u00f3wki nawet wtedy, gdy z powodu rad pedagogicznej i zebrania z rodzicami siedzimy w szkole od 8:00 do 20:00. Skoro nie ma zap\u0142aty, nale\u017ca\u0142oby o 16.00 wyj\u015b\u0107 ze szko\u0142y.<\/p>\n\n\n\n<p>Wyrok S\u0105du Najwy\u017cszego jest dowodem, \u017ce nauczyciele nie zgadzaj\u0105 si\u0119 na prac\u0119 bez zap\u0142aty. Coraz wi\u0119cej pracownik\u00f3w ma tego do\u015b\u0107 i kieruje spraw\u0119 do s\u0105du. Teraz, skoro mamy wyrok SN, dyrektorzy powinni zosta\u0107 pouczeni przez organy prowadz\u0105ce, \u017ce musz\u0105 p\u0142aci\u0107 dodatkowo za prac\u0119 w godzinach nadliczbowych. Do tej pory byli nak\u0142aniani do czego\u015b przeciwnego, czyli do niep\u0142acenia. Info o wyroku SN <a href=\"https:\/\/glos.pl\/wazne-rozstrzygniecie-dla-nauczycieli-sad-najwyzszy-placenie-za-nadgodziny-jest-zasada-w-polskim-systemie-pracy\">tutaj<\/a>.<\/p>\n","protected":false},"excerpt":{"rendered":"<p>Nauczyciele mog\u0105 wypracowa\u0107 godziny ponadwymiarowe (lekcje ponad 18-godzinne pensum w tygodniu) i nadliczbowe (ka\u017cda inna praca ponad 40 godzin w tygodniu, np. opieku\u0144cza). Za dodatkowe lekcje zwykle pracodawca p\u0142aci, natomiast za nadliczb\u00f3wki najcz\u0119\u015bciej nie. S\u0105d Najwy\u017cszy nakaza\u0142 p\u0142aci\u0107 za ka\u017cdy rodzaj nadgodzin, zatem r\u00f3wnie\u017c za prac\u0119 w godzinach nadliczbowych, np. za opiek\u0119 na kilkudniowych wycieczkach, [&hellip;]<\/p>\n","protected":false},"author":1,"featured_media":0,"comment_status":"open","ping_status":"closed","sticky":false,"template":"","format":"standard","meta":{"footnotes":""},"categories":[1],"tags":[],"_links":{"self":[{"href":"https:\/\/blog.polityka.pl\/chetkowski\/wp-json\/wp\/v2\/posts\/14687"}],"collection":[{"href":"https:\/\/blog.polityka.pl\/chetkowski\/wp-json\/wp\/v2\/posts"}],"about":[{"href":"https:\/\/blog.polityka.pl\/chetkowski\/wp-json\/wp\/v2\/types\/post"}],"author":[{"embeddable":true,"href":"https:\/\/blog.polityka.pl\/chetkowski\/wp-json\/wp\/v2\/users\/1"}],"replies":[{"embeddable":true,"href":"https:\/\/blog.polityka.pl\/chetkowski\/wp-json\/wp\/v2\/comments?post=14687"}],"version-history":[{"count":4,"href":"https:\/\/blog.polityka.pl\/chetkowski\/wp-json\/wp\/v2\/posts\/14687\/revisions"}],"predecessor-version":[{"id":14691,"href":"https:\/\/blog.polityka.pl\/chetkowski\/wp-json\/wp\/v2\/posts\/14687\/revisions\/14691"}],"wp:attachment":[{"href":"https:\/\/blog.polityka.pl\/chetkowski\/wp-json\/wp\/v2\/media?parent=14687"}],"wp:term":[{"taxonomy":"category","embeddable":true,"href":"https:\/\/blog.polityka.pl\/chetkowski\/wp-json\/wp\/v2\/categories?post=14687"},{"taxonomy":"post_tag","embeddable":true,"href":"https:\/\/blog.polityka.pl\/chetkowski\/wp-json\/wp\/v2\/tags?post=14687"}],"curies":[{"name":"wp","href":"https:\/\/api.w.org\/{rel}","templated":true}]}}