
{"id":14704,"date":"2025-03-06T21:11:47","date_gmt":"2025-03-06T20:11:47","guid":{"rendered":"https:\/\/chetkowski.blog.polityka.pl\/?p=14704"},"modified":"2025-03-06T21:11:47","modified_gmt":"2025-03-06T20:11:47","slug":"dyrektorze-nie-czepiaj-sie-bo-zachoruje","status":"publish","type":"post","link":"https:\/\/blog.polityka.pl\/chetkowski\/2025\/03\/06\/dyrektorze-nie-czepiaj-sie-bo-zachoruje\/","title":{"rendered":"Dyrektorze, nie czepiaj si\u0119, bo zachoruj\u0119"},"content":{"rendered":"\n<p>Dyrektorzy musieli odpu\u015bci\u0107 nauczycielom w drobnych sprawach, gdy\u017c nie mieliby w szkole \u201ekim robi\u0107\u201d. Braki kadrowe to wci\u0105\u017c g\u0142\u00f3wny problem w o\u015bwiacie. Jak pracownik choruje, nie ma go kim zast\u0105pi\u0107.<\/p>\n\n\n\n<!--more-->\n\n\n\n<p>Nauczycielskie pensje nadal s\u0105 niskie, wi\u0119c jak nie mo\u017cna w szkole zarobi\u0107, to niech chocia\u017c atmosfera b\u0119dzie mi\u0142a. Nauczyciele wymagaj\u0105 od szefa dobrego traktowania. Jak tego nie ma, id\u0105 na chorobowe.<\/p>\n\n\n\n<p>Dawniej dyrektor kilka razy obiega\u0142 szko\u0142\u0119 i czepia\u0142 si\u0119 ka\u017cdego, kto mu si\u0119 nawin\u0105\u0142. Pracownicy musieli to cierpliwie znosi\u0107. Jako stary pracownik mam jeszcze taki odruch, \u017ce jak widz\u0119 szefa, to jestem pewien, \u017ce zaraz mi zwr\u00f3ci na co\u015b uwag\u0119, mo\u017ce nawet podsunie jakie\u015b upomnienie do podpisania. Nic takiego jednak si\u0119 nie dzieje.<\/p>\n\n\n\n<p>Nauczyciele zrobili si\u0119 bardzo wra\u017cliwi. Zreszt\u0105 nie tylko nauczyciele. Znajomi opowiadaj\u0105, \u017ce tak si\u0119 dzieje w wielu bran\u017cach. Kierownik na budowie opieprzy\u0142 robotnik\u00f3w i nast\u0119pnego dnia ju\u017c \u017cadnego nie zobaczy\u0142 w pracy. Za delikatni jeste\u015bmy, \u017ceby nas si\u0119 czepia\u0107.<\/p>\n","protected":false},"excerpt":{"rendered":"<p>Dyrektorzy musieli odpu\u015bci\u0107 nauczycielom w drobnych sprawach, gdy\u017c nie mieliby w szkole \u201ekim robi\u0107\u201d. Braki kadrowe to wci\u0105\u017c g\u0142\u00f3wny problem w o\u015bwiacie. Jak pracownik choruje, nie ma go kim zast\u0105pi\u0107.<\/p>\n","protected":false},"author":1,"featured_media":0,"comment_status":"open","ping_status":"closed","sticky":false,"template":"","format":"standard","meta":{"footnotes":""},"categories":[1],"tags":[],"_links":{"self":[{"href":"https:\/\/blog.polityka.pl\/chetkowski\/wp-json\/wp\/v2\/posts\/14704"}],"collection":[{"href":"https:\/\/blog.polityka.pl\/chetkowski\/wp-json\/wp\/v2\/posts"}],"about":[{"href":"https:\/\/blog.polityka.pl\/chetkowski\/wp-json\/wp\/v2\/types\/post"}],"author":[{"embeddable":true,"href":"https:\/\/blog.polityka.pl\/chetkowski\/wp-json\/wp\/v2\/users\/1"}],"replies":[{"embeddable":true,"href":"https:\/\/blog.polityka.pl\/chetkowski\/wp-json\/wp\/v2\/comments?post=14704"}],"version-history":[{"count":2,"href":"https:\/\/blog.polityka.pl\/chetkowski\/wp-json\/wp\/v2\/posts\/14704\/revisions"}],"predecessor-version":[{"id":14706,"href":"https:\/\/blog.polityka.pl\/chetkowski\/wp-json\/wp\/v2\/posts\/14704\/revisions\/14706"}],"wp:attachment":[{"href":"https:\/\/blog.polityka.pl\/chetkowski\/wp-json\/wp\/v2\/media?parent=14704"}],"wp:term":[{"taxonomy":"category","embeddable":true,"href":"https:\/\/blog.polityka.pl\/chetkowski\/wp-json\/wp\/v2\/categories?post=14704"},{"taxonomy":"post_tag","embeddable":true,"href":"https:\/\/blog.polityka.pl\/chetkowski\/wp-json\/wp\/v2\/tags?post=14704"}],"curies":[{"name":"wp","href":"https:\/\/api.w.org\/{rel}","templated":true}]}}